{"id":128232,"date":"2018-12-13T12:10:58","date_gmt":"2018-12-13T14:10:58","guid":{"rendered":"https:\/\/diarioregionaldigital.com.br\/?p=128232"},"modified":"2018-12-13T12:10:58","modified_gmt":"2018-12-13T14:10:58","slug":"tres-pessoas-morrem-em-capotamento-proximo-a-mirai-nesta-quinta-feira","status":"publish","type":"post","link":"https:\/\/diarioregionaldigital.com.br\/?p=128232","title":{"rendered":"Tr\u00eas pessoas morrem em capotamento pr\u00f3ximo a Mirai, nesta quinta-feira"},"content":{"rendered":"<p>Um acidente matou tr\u00eas pessoas e deixou duas feridas por volta das 9h30min desta quinta-feira, 13, na estrada que liga Mira\u00ed a Muria\u00e9. O fato aconteceu pr\u00f3ximo ao distrito de Boa Fam\u00edlia, sentido Mira\u00ed quando o condutor de um Chevrolet Celta, preto, placa de Mirai\/MG, teria perdido o controle da dire\u00e7\u00e3o, bateu em uma \u00e1rvore e capotou at\u00e9 parar de lado no pasto \u00e0 margem da rodovia. Uma viatura da Pol\u00edcia Militar Rodovi\u00e1ria de Dona Euz\u00e9bia assumiu a ocorr\u00eancia.<\/p>\n<p>Segundo as \u00faltimas informa\u00e7\u00f5es divulgadas pelas autoridades no local, duas das v\u00edtimas fatais s\u00e3o os pais do tenente Andr\u00e9 Carvalho, ex-comandante da PM em Mira\u00ed. atualmente lotado em Muria\u00e9. Uma Guarni\u00e7\u00e3o do Corpo de Bombeiros de Muria\u00e9, foi a primeira a chegar e fez o resgate das tr\u00eas pessoas que morreram. As outras duas v\u00edtimas est\u00e3o em estado grave sendo que uma delas foi conduzida para o Hospital em Mira\u00ed e a outra para o Hospital S\u00e3o Paulo, em Muria\u00e9.<\/p>\n<p>As v\u00edtimas fatais ainda n\u00e3o foram identificadas, mas h\u00e1 uma suspeita de que todos os ocupantes do ve\u00edculo sejam de Mira\u00ed.<\/p>\n<p><em>Fonte: Marcelo Lopes<\/em><\/p>\n","protected":false},"excerpt":{"rendered":"<p>Um acidente matou tr\u00eas pessoas e deixou duas feridas por volta das 9h30min desta quinta-feira, 13, na estrada que liga Mira\u00ed a Muria\u00e9. O fato aconteceu pr\u00f3ximo ao distrito de Boa Fam\u00edlia, sentido Mira\u00ed quando o condutor de um Chevrolet Celta, preto, placa de Mirai\/MG, teria perdido o controle da dire\u00e7\u00e3o, bateu em uma \u00e1rvore [&hellip;]<\/p>\n","protected":false},"author":96,"featured_media":0,"comment_status":"closed","ping_status":"closed","sticky":false,"template":"","format":"standard","meta":{"footnotes":""},"categories":[252,439],"tags":[],"class_list":["post-128232","post","type-post","status-publish","format-standard","hentry","category-regiao","category-ultima-hora"],"_links":{"self":[{"href":"https:\/\/diarioregionaldigital.com.br\/index.php?rest_route=\/wp\/v2\/posts\/128232","targetHints":{"allow":["GET"]}}],"collection":[{"href":"https:\/\/diarioregionaldigital.com.br\/index.php?rest_route=\/wp\/v2\/posts"}],"about":[{"href":"https:\/\/diarioregionaldigital.com.br\/index.php?rest_route=\/wp\/v2\/types\/post"}],"author":[{"embeddable":true,"href":"https:\/\/diarioregionaldigital.com.br\/index.php?rest_route=\/wp\/v2\/users\/96"}],"replies":[{"embeddable":true,"href":"https:\/\/diarioregionaldigital.com.br\/index.php?rest_route=%2Fwp%2Fv2%2Fcomments&post=128232"}],"version-history":[{"count":0,"href":"https:\/\/diarioregionaldigital.com.br\/index.php?rest_route=\/wp\/v2\/posts\/128232\/revisions"}],"wp:attachment":[{"href":"https:\/\/diarioregionaldigital.com.br\/index.php?rest_route=%2Fwp%2Fv2%2Fmedia&parent=128232"}],"wp:term":[{"taxonomy":"category","embeddable":true,"href":"https:\/\/diarioregionaldigital.com.br\/index.php?rest_route=%2Fwp%2Fv2%2Fcategories&post=128232"},{"taxonomy":"post_tag","embeddable":true,"href":"https:\/\/diarioregionaldigital.com.br\/index.php?rest_route=%2Fwp%2Fv2%2Ftags&post=128232"}],"curies":[{"name":"wp","href":"https:\/\/api.w.org\/{rel}","templated":true}]}}