{"id":128224,"date":"2018-12-13T11:44:34","date_gmt":"2018-12-13T13:44:34","guid":{"rendered":"https:\/\/diarioregionaldigital.com.br\/?p=128224"},"modified":"2018-12-13T11:44:34","modified_gmt":"2018-12-13T13:44:34","slug":"atletico-pr-campeao-da-copa-sul-americana","status":"publish","type":"post","link":"https:\/\/diarioregionaldigital.com.br\/?p=128224","title":{"rendered":"Atl\u00e9tico-PR campe\u00e3o da Copa Sul-Americana"},"content":{"rendered":"<p>Atl\u00e9tico-PR campe\u00e3o da Copa Sul-Americana de 2018! A conquista do Furac\u00e3o foi confirmada ap\u00f3s a vit\u00f3ria nos p\u00eanaltis sobre o Junior Barranquilla, da Col\u00f4mbia, nesta quarta-feira , 12, \u00a0na Arena da Baixada, em Curitiba. \u00c9 o primeiro grande t\u00edtulo internacional da equipe paranaense, que j\u00e1 havia sido vice-campe\u00e3 da Libertadores em 2005. Esta \u00e9 tamb\u00e9m a \u00faltima conquista do clube com o atual nome e escudo. A partir de agora, o time se chama Club Athletico Paranaense, mudando tamb\u00e9m seus s\u00edmbolos e uniformes.<\/p>\n<p>. A renda da decis\u00e3o chegou a R$ 2.084.560,00, que se somam aos R$ 9,8 milh\u00f5es arrecadados com a conquista da Sul-Americana.<\/p>\n<p>O Rubro-Negro se junta a Internacional, S\u00e3o Paulo e Chapecoense como brasileiros campe\u00f5es da competi\u00e7\u00e3o e, al\u00e9m da vaga na fase de grupos da Copa Libertadores da Am\u00e9rica, ainda disputar\u00e1 a Recopa Sul-Americana contra o River Plate.<\/p>\n<p>&nbsp;<\/p>\n","protected":false},"excerpt":{"rendered":"<p>Atl\u00e9tico-PR campe\u00e3o da Copa Sul-Americana de 2018! A conquista do Furac\u00e3o foi confirmada ap\u00f3s a vit\u00f3ria nos p\u00eanaltis sobre o Junior Barranquilla, da Col\u00f4mbia, nesta quarta-feira , 12, \u00a0na Arena da Baixada, em Curitiba. \u00c9 o primeiro grande t\u00edtulo internacional da equipe paranaense, que j\u00e1 havia sido vice-campe\u00e3 da Libertadores em 2005. Esta \u00e9 tamb\u00e9m [&hellip;]<\/p>\n","protected":false},"author":96,"featured_media":128225,"comment_status":"closed","ping_status":"closed","sticky":false,"template":"","format":"standard","meta":{"footnotes":""},"categories":[257,439],"tags":[],"class_list":["post-128224","post","type-post","status-publish","format-standard","has-post-thumbnail","hentry","category-esporte","category-ultima-hora"],"_links":{"self":[{"href":"https:\/\/diarioregionaldigital.com.br\/index.php?rest_route=\/wp\/v2\/posts\/128224","targetHints":{"allow":["GET"]}}],"collection":[{"href":"https:\/\/diarioregionaldigital.com.br\/index.php?rest_route=\/wp\/v2\/posts"}],"about":[{"href":"https:\/\/diarioregionaldigital.com.br\/index.php?rest_route=\/wp\/v2\/types\/post"}],"author":[{"embeddable":true,"href":"https:\/\/diarioregionaldigital.com.br\/index.php?rest_route=\/wp\/v2\/users\/96"}],"replies":[{"embeddable":true,"href":"https:\/\/diarioregionaldigital.com.br\/index.php?rest_route=%2Fwp%2Fv2%2Fcomments&post=128224"}],"version-history":[{"count":0,"href":"https:\/\/diarioregionaldigital.com.br\/index.php?rest_route=\/wp\/v2\/posts\/128224\/revisions"}],"wp:featuredmedia":[{"embeddable":true,"href":"https:\/\/diarioregionaldigital.com.br\/index.php?rest_route=\/wp\/v2\/media\/128225"}],"wp:attachment":[{"href":"https:\/\/diarioregionaldigital.com.br\/index.php?rest_route=%2Fwp%2Fv2%2Fmedia&parent=128224"}],"wp:term":[{"taxonomy":"category","embeddable":true,"href":"https:\/\/diarioregionaldigital.com.br\/index.php?rest_route=%2Fwp%2Fv2%2Fcategories&post=128224"},{"taxonomy":"post_tag","embeddable":true,"href":"https:\/\/diarioregionaldigital.com.br\/index.php?rest_route=%2Fwp%2Fv2%2Ftags&post=128224"}],"curies":[{"name":"wp","href":"https:\/\/api.w.org\/{rel}","templated":true}]}}