{"id":128221,"date":"2018-12-13T11:41:14","date_gmt":"2018-12-13T13:41:14","guid":{"rendered":"https:\/\/diarioregionaldigital.com.br\/?p=128221"},"modified":"2018-12-13T11:41:14","modified_gmt":"2018-12-13T13:41:14","slug":"brasil-inicia-preparacao-para-o-mundial-de-handebol-masculino","status":"publish","type":"post","link":"https:\/\/diarioregionaldigital.com.br\/?p=128221","title":{"rendered":"Brasil inicia prepara\u00e7\u00e3o para o Mundial de handebol masculino"},"content":{"rendered":"<p>A Sele\u00e7\u00e3o Brasileira de handebol\u00a0\u00a0iniciou a prepara\u00e7\u00e3o para o Campeonato Mundial do esporte, a ser disputado na Alemanha e na Dinamarca entre os dias 10 e 27 de janeiro de 2019. 28 atletas foram convocados para a pr\u00e9-lista da competi\u00e7\u00e3o internacional.<\/p>\n<p>O time, comandado por Washington Nunes, embarca logo ap\u00f3s o Natal para a Noruega, onde disputar\u00e1 um torneio amistoso contra os anfitri\u00f5es, al\u00e9m da Isl\u00e2ndia e da Holanda.<\/p>\n<p>\u201cPerdemos tr\u00eas atletas important\u00edssimos por les\u00e3o e que estar\u00e3o fora da competi\u00e7\u00e3o. Mas, sinceramente, acredito no potencial daqueles que representar\u00e3o nossa equipe na Alemanha e Dinamarca\u201d, contou o t\u00e9cnico.<\/p>\n<p>O Brasil est\u00e1 no Grupo A do Mundial, junto de Alemanha, Coreia, Fran\u00e7a, R\u00fassia e S\u00e9rvia. A estreia da Sele\u00e7\u00e3o est\u00e1 marcada para o dia 11 de janeiro, diante dos franceses, em Berlim.<\/p>\n<p>\u201cContra S\u00e9rvia, Coreia e R\u00fassia com certeza jogaremos de igual para igual e se estivermos em um bom dia, temos total capacidade de venc\u00ea-los e conquistarmos uma vaga na fase seguinte\u201d, falou Washington Nunes, antes de completar.<\/p>\n<p>\u201cFechamos essa lista com os 28 nomes, mas, levaremos somente 20 atletas para a Noruega no dia 26\/12 e no dia 02\/01, haver\u00e1 um corte, e ficar\u00e3o somente os 16 para o torneio amistoso e j\u00e1 para o Mundial\u201d, explicou.<\/p>\n<p><strong>Confira a lista completa de convocados:<\/strong><\/p>\n<p>Goleiros:\u00a0Cesar Almeida, Leonardo Ter\u00e7ariol, Maik Santos e Rangel Rosa<br \/>\nLaterais:\u00a0Gabriel Cereta, Guilherme Valad\u00e3o, Gustavo Rodrigues, Haniel Langaro, Jos\u00e9 Toledo, Leonardo Dutra, Leonardo Sampaio, Raul Nantes, Thiago Ponciano e Thiagus Petrus<br \/>\nArmadores:\u00a0Ac\u00e1cio Marques, Henrique Teixeira, Leonardo Abrah\u00e3o e Thiago Santos<br \/>\nPontas:\u00a0Andr\u00e9 Soares, Cl\u00e9ryston Novais, F\u00e1bio Chiuffa, Felipe Borges, Lucas C\u00e2ndido e Rudolph<br \/>\nPiv\u00f4s:\u00a0Alexandro Pozzer, Cau\u00ea Herrera, Leonardo Domenech e Vin\u00edcius Teixeira<\/p>\n<p><strong>Fonte: Olimp\u00edadas todo dia <\/strong><\/p>\n","protected":false},"excerpt":{"rendered":"<p>A Sele\u00e7\u00e3o Brasileira de handebol\u00a0\u00a0iniciou a prepara\u00e7\u00e3o para o Campeonato Mundial do esporte, a ser disputado na Alemanha e na Dinamarca entre os dias 10 e 27 de janeiro de 2019. 28 atletas foram convocados para a pr\u00e9-lista da competi\u00e7\u00e3o internacional. O time, comandado por Washington Nunes, embarca logo ap\u00f3s o Natal para a Noruega, [&hellip;]<\/p>\n","protected":false},"author":96,"featured_media":128222,"comment_status":"closed","ping_status":"closed","sticky":false,"template":"","format":"standard","meta":{"footnotes":""},"categories":[257,439],"tags":[],"class_list":["post-128221","post","type-post","status-publish","format-standard","has-post-thumbnail","hentry","category-esporte","category-ultima-hora"],"_links":{"self":[{"href":"https:\/\/diarioregionaldigital.com.br\/index.php?rest_route=\/wp\/v2\/posts\/128221","targetHints":{"allow":["GET"]}}],"collection":[{"href":"https:\/\/diarioregionaldigital.com.br\/index.php?rest_route=\/wp\/v2\/posts"}],"about":[{"href":"https:\/\/diarioregionaldigital.com.br\/index.php?rest_route=\/wp\/v2\/types\/post"}],"author":[{"embeddable":true,"href":"https:\/\/diarioregionaldigital.com.br\/index.php?rest_route=\/wp\/v2\/users\/96"}],"replies":[{"embeddable":true,"href":"https:\/\/diarioregionaldigital.com.br\/index.php?rest_route=%2Fwp%2Fv2%2Fcomments&post=128221"}],"version-history":[{"count":0,"href":"https:\/\/diarioregionaldigital.com.br\/index.php?rest_route=\/wp\/v2\/posts\/128221\/revisions"}],"wp:featuredmedia":[{"embeddable":true,"href":"https:\/\/diarioregionaldigital.com.br\/index.php?rest_route=\/wp\/v2\/media\/128222"}],"wp:attachment":[{"href":"https:\/\/diarioregionaldigital.com.br\/index.php?rest_route=%2Fwp%2Fv2%2Fmedia&parent=128221"}],"wp:term":[{"taxonomy":"category","embeddable":true,"href":"https:\/\/diarioregionaldigital.com.br\/index.php?rest_route=%2Fwp%2Fv2%2Fcategories&post=128221"},{"taxonomy":"post_tag","embeddable":true,"href":"https:\/\/diarioregionaldigital.com.br\/index.php?rest_route=%2Fwp%2Fv2%2Ftags&post=128221"}],"curies":[{"name":"wp","href":"https:\/\/api.w.org\/{rel}","templated":true}]}}