{"id":128218,"date":"2018-12-13T11:44:01","date_gmt":"2018-12-13T13:44:01","guid":{"rendered":"https:\/\/diarioregionaldigital.com.br\/?p=128218"},"modified":"2018-12-13T11:44:01","modified_gmt":"2018-12-13T13:44:01","slug":"pagamento-do-sexto-lote-do-abono-salarial-2017-comeca-nesta-quinta","status":"publish","type":"post","link":"https:\/\/diarioregionaldigital.com.br\/?p=128218","title":{"rendered":"Pagamento do sexto lote do Abono Salarial 2017 come\u00e7a nesta quinta"},"content":{"rendered":"<p>O pagamento do sexto lote do Abono Salarial PIS (Programa de Integra\u00e7\u00e3o Social) 2018-2019, referente ao exerc\u00edcio de 2017, come\u00e7a nesta <span id=\"OBJ_PREFIX_DWT243_com_zimbra_date\" role=\"link\">quinta<\/span>-feira, 13. O valor ser\u00e1 disponibilizado para saque aos trabalhadores nascidos em dezembro que estejam cadastrados no programa. Para os servidores p\u00fablicos, que s\u00e3o inscritos no Pasep (Programa de Forma\u00e7\u00e3o do Patrim\u00f4nio do Servidor P\u00fablico),\u00a0\u00a0n\u00e3o haver\u00e1 mais saques neste ano.<\/p>\n<p>A estimativa do Minist\u00e9rio do Trabalho \u00e9 que mais de R$ 1,3 bilh\u00e3o sejam pagos a aproximadamente 1,7 milh\u00e3o de trabalhadores. Os correntistas da Caixa Econ\u00f4mica Federal, institui\u00e7\u00e3o banc\u00e1ria respons\u00e1vel pelo pagamento do PIS, tiveram os valores depositados em suas contas na \u00faltima <span id=\"OBJ_PREFIX_DWT244_com_zimbra_date\" role=\"link\">ter<\/span>\u00e7a-feira, 11.<\/p>\n<p>T\u00eam direito ao Abono Salarial PIS 2018-2019 os trabalhadores inscritos no PIS\/Pasep h\u00e1 pelo menos cinco anos, que tenham trabalhado formalmente por pelo menos 30 dias naquele ano, com remunera\u00e7\u00e3o mensal m\u00e9dia de at\u00e9 dois sal\u00e1rios m\u00ednimos e que tiveram seus dados informados corretamente pelo empregador \u00e0 Rela\u00e7\u00e3o Anual de Informa\u00e7\u00f5es Sociais (Rais).<\/p>\n<p>O valor do benef\u00edcio \u00e9 proporcional ao tempo trabalhado formalmente em 2017. Assim, quem esteve empregado o ano todo recebe o valor cheio, equivalente a um sal\u00e1rio m\u00ednimo (R$954). Quem trabalhou por apenas 30 dias recebe o valor m\u00ednimo, que \u00e9 de um doze avos do sal\u00e1rio m\u00ednimo, e assim sucessivamente.<\/p>\n<p>Com a libera\u00e7\u00e3o do sexto lote, o Abono Salarial 2017 j\u00e1 contemplou os nascidos entre julho e dezembro. Em 2019, o benef\u00edcio ser\u00e1 concedido aos trabalhadores nascidos<span id=\"OBJ_PREFIX_DWT245_com_zimbra_date\" role=\"link\"> de janeiro<\/span> a junho. O prazo final de recebimento para todos os trabalhadores favorecidos pelo programa \u00e9 <span id=\"OBJ_PREFIX_DWT246_com_zimbra_date\" role=\"link\">28 de junho<\/span> de 2019.<\/p>\n<p><em>Fonte: Ag\u00eancia Brasil<\/em><\/p>\n","protected":false},"excerpt":{"rendered":"<p>O pagamento do sexto lote do Abono Salarial PIS (Programa de Integra\u00e7\u00e3o Social) 2018-2019, referente ao exerc\u00edcio de 2017, come\u00e7a nesta quinta-feira, 13. O valor ser\u00e1 disponibilizado para saque aos trabalhadores nascidos em dezembro que estejam cadastrados no programa. Para os servidores p\u00fablicos, que s\u00e3o inscritos no Pasep (Programa de Forma\u00e7\u00e3o do Patrim\u00f4nio do Servidor [&hellip;]<\/p>\n","protected":false},"author":96,"featured_media":0,"comment_status":"closed","ping_status":"closed","sticky":false,"template":"","format":"standard","meta":{"footnotes":""},"categories":[261,439],"tags":[],"class_list":["post-128218","post","type-post","status-publish","format-standard","hentry","category-economia","category-ultima-hora"],"_links":{"self":[{"href":"https:\/\/diarioregionaldigital.com.br\/index.php?rest_route=\/wp\/v2\/posts\/128218","targetHints":{"allow":["GET"]}}],"collection":[{"href":"https:\/\/diarioregionaldigital.com.br\/index.php?rest_route=\/wp\/v2\/posts"}],"about":[{"href":"https:\/\/diarioregionaldigital.com.br\/index.php?rest_route=\/wp\/v2\/types\/post"}],"author":[{"embeddable":true,"href":"https:\/\/diarioregionaldigital.com.br\/index.php?rest_route=\/wp\/v2\/users\/96"}],"replies":[{"embeddable":true,"href":"https:\/\/diarioregionaldigital.com.br\/index.php?rest_route=%2Fwp%2Fv2%2Fcomments&post=128218"}],"version-history":[{"count":0,"href":"https:\/\/diarioregionaldigital.com.br\/index.php?rest_route=\/wp\/v2\/posts\/128218\/revisions"}],"wp:attachment":[{"href":"https:\/\/diarioregionaldigital.com.br\/index.php?rest_route=%2Fwp%2Fv2%2Fmedia&parent=128218"}],"wp:term":[{"taxonomy":"category","embeddable":true,"href":"https:\/\/diarioregionaldigital.com.br\/index.php?rest_route=%2Fwp%2Fv2%2Fcategories&post=128218"},{"taxonomy":"post_tag","embeddable":true,"href":"https:\/\/diarioregionaldigital.com.br\/index.php?rest_route=%2Fwp%2Fv2%2Ftags&post=128218"}],"curies":[{"name":"wp","href":"https:\/\/api.w.org\/{rel}","templated":true}]}}