{"id":128215,"date":"2018-12-13T11:36:36","date_gmt":"2018-12-13T13:36:36","guid":{"rendered":"https:\/\/diarioregionaldigital.com.br\/?p=128215"},"modified":"2018-12-13T11:36:36","modified_gmt":"2018-12-13T13:36:36","slug":"tupi-faz-primeiro-jogo-treino-da-temporada-neste-sabado","status":"publish","type":"post","link":"https:\/\/diarioregionaldigital.com.br\/?p=128215","title":{"rendered":"Tupi faz primeiro jogo treino da temporada neste s\u00e1bado"},"content":{"rendered":"<p>Como parte da prepara\u00e7\u00e3o para o Campeonato Mineiro de 2019, o Tupi far\u00e1 neste s\u00e1bado o primeiro jogo-treino com o\u00a0 elenco que se apresentou no \u00faltimo dia primeiro e disputar\u00e1 o Estadual da pr\u00f3xima temporada. O advers\u00e1rio ser\u00e1 o Vi\u00e7osa Sport Club, equipe amadora de Vi\u00e7osa-MG e ser\u00e1 realizado em Juiz de Fora, no Est\u00e1dio Salles Oliveira, \u00e0s 9h. A atividade ser\u00e1 aberta somente \u00e0 imprensa.<\/p>\n<p>Para o treinador A\u00edlton Ferraz, o jogo-treino ser\u00e1 uma oportunidade de\u00a0observar o novo plantel e come\u00e7ar a dar formato a equipe carij\u00f3: \u201cVai ser um jogo onde teremos que tirar bastante proveito, j\u00e1 dando cara a um time. Para que consigamos j\u00e1 ter um padr\u00e3o de jogo. Acho que vai ser muito importante esse jogo de s\u00e1bado\u201d. O t\u00e9cnico revela ainda que todos os jogadores ter\u00e3o oportunidade de jogar na partida: \u201cTodos os atletas que est\u00e3o no grupo v\u00e3o participar, quero ver todos. L\u00f3gico que o time que quero que tenha um padr\u00e3o melhor vai participar um pouco\u00a0 mais e depois a gente come\u00e7a a colocar os outros. Eu acho que, independente da idade, \u00e9 bom a gente ver o atleta no jogo. \u00c9 uma oportunidade de ir bem e mexer com a cabe\u00e7a do treinador\u201d, finaliza o t\u00e9cnico.<\/p>\n<p><strong>Fonte: Tupi FC<\/strong><\/p>\n","protected":false},"excerpt":{"rendered":"<p>Como parte da prepara\u00e7\u00e3o para o Campeonato Mineiro de 2019, o Tupi far\u00e1 neste s\u00e1bado o primeiro jogo-treino com o\u00a0 elenco que se apresentou no \u00faltimo dia primeiro e disputar\u00e1 o Estadual da pr\u00f3xima temporada. O advers\u00e1rio ser\u00e1 o Vi\u00e7osa Sport Club, equipe amadora de Vi\u00e7osa-MG e ser\u00e1 realizado em Juiz de Fora, no Est\u00e1dio [&hellip;]<\/p>\n","protected":false},"author":96,"featured_media":128219,"comment_status":"closed","ping_status":"closed","sticky":false,"template":"","format":"standard","meta":{"footnotes":""},"categories":[257,439],"tags":[],"class_list":["post-128215","post","type-post","status-publish","format-standard","has-post-thumbnail","hentry","category-esporte","category-ultima-hora"],"_links":{"self":[{"href":"https:\/\/diarioregionaldigital.com.br\/index.php?rest_route=\/wp\/v2\/posts\/128215","targetHints":{"allow":["GET"]}}],"collection":[{"href":"https:\/\/diarioregionaldigital.com.br\/index.php?rest_route=\/wp\/v2\/posts"}],"about":[{"href":"https:\/\/diarioregionaldigital.com.br\/index.php?rest_route=\/wp\/v2\/types\/post"}],"author":[{"embeddable":true,"href":"https:\/\/diarioregionaldigital.com.br\/index.php?rest_route=\/wp\/v2\/users\/96"}],"replies":[{"embeddable":true,"href":"https:\/\/diarioregionaldigital.com.br\/index.php?rest_route=%2Fwp%2Fv2%2Fcomments&post=128215"}],"version-history":[{"count":0,"href":"https:\/\/diarioregionaldigital.com.br\/index.php?rest_route=\/wp\/v2\/posts\/128215\/revisions"}],"wp:featuredmedia":[{"embeddable":true,"href":"https:\/\/diarioregionaldigital.com.br\/index.php?rest_route=\/wp\/v2\/media\/128219"}],"wp:attachment":[{"href":"https:\/\/diarioregionaldigital.com.br\/index.php?rest_route=%2Fwp%2Fv2%2Fmedia&parent=128215"}],"wp:term":[{"taxonomy":"category","embeddable":true,"href":"https:\/\/diarioregionaldigital.com.br\/index.php?rest_route=%2Fwp%2Fv2%2Fcategories&post=128215"},{"taxonomy":"post_tag","embeddable":true,"href":"https:\/\/diarioregionaldigital.com.br\/index.php?rest_route=%2Fwp%2Fv2%2Ftags&post=128215"}],"curies":[{"name":"wp","href":"https:\/\/api.w.org\/{rel}","templated":true}]}}