{"id":128208,"date":"2018-12-13T11:16:53","date_gmt":"2018-12-13T13:16:53","guid":{"rendered":"https:\/\/diarioregionaldigital.com.br\/?p=128208"},"modified":"2018-12-13T11:16:53","modified_gmt":"2018-12-13T13:16:53","slug":"justica-de-abadiania-decidira-sobre-pedido-de-prisao-de-joao-de-deus","status":"publish","type":"post","link":"https:\/\/diarioregionaldigital.com.br\/?p=128208","title":{"rendered":"Justi\u00e7a de Abadi\u00e2nia decidir\u00e1 sobre pedido de pris\u00e3o de Jo\u00e3o de Deus"},"content":{"rendered":"<p>Acusado de abuso sexual, o m\u00e9dium Jo\u00e3o de Deus corre o risco de ser preso. Ap\u00f3s sua tentativa de continuar atendendo nessa\u00a0quarta-feira, 12, o Minist\u00e9rio P\u00fablico de Goi\u00e1s apresentou no final da tarde, segundo apurou a Ag\u00eancia Brasil,\u00a0o\u00a0pedido de pris\u00e3o preventiva. Dois promotores respons\u00e1veis pela for\u00e7a-tarefa\u00a0que investiga mais de 200 den\u00fancias contra o m\u00e9dium estiveram no F\u00f3rum de Abadi\u00e2nia. O pedido deve ser analisado pela comarca local.<\/p>\n<p>O\u00a0advogado de Jo\u00e3o de Deus, Alberto Toron, disse o seguinte \u00e0 Ag\u00eancia Brasil: &#8220;A informa\u00e7\u00e3o que n\u00f3s temos \u00e9 que efetivamente o MP fez um pedido \u00e0 Justi\u00e7a, mas n\u00f3s n\u00e3o conhecemos o teor desse pedido. Sem conhecer, eu n\u00e3o tenho como me contrapor a ele. Vou para Abadi\u00e2nia amanh\u00e3 mesmo ver se eu consigo avaliar esse pedido.&#8221;<\/p>\n<p>Toron disse ainda ter reafirmado oficialmente \u00e0s autoridades\u00a0que seu cliente segue \u00e0 disposi\u00e7\u00e3o da Justi\u00e7a para quaisquer esclarecimentos.<\/p>\n<p>Jo\u00e3o de Deus \u00e9 suspeito de abuso sexual contra mulheres e tamb\u00e9m adolescentes. Ele nega as acusa\u00e7\u00f5es e se diz\u00a0inocente. O balan\u00e7o mais recente do MP-GO \u00e9 de 206 poss\u00edveis v\u00edtimas.<\/p>\n<p>O m\u00e9dium goiano tamb\u00e9m disse nesta quarta-feira\u00a0que est\u00e1 \u00e0 disposi\u00e7\u00e3o da Justi\u00e7a brasileira. Ele esteve\u00a0hoje\u00a0por dez minutos\u00a0na Casa Dom\u00a0In\u00e1cio de Loyola, em Abadi\u00e2nia (GO), onde realiza, h\u00e1 42 anos,\u00a0 consultas e aconselhamentos espirituais, al\u00e9m das chamadas cirurgias espirituais. Ele chegou e saiu sob aplausos, afirmando estar sem condi\u00e7\u00f5es de trabalhar. Circularam informa\u00e7\u00f5es de que o religioso chegou a voar para S\u00e3o Paulo a fim de se aconselhar com Toron. O advogado do m\u00e9dium nega essa informa\u00e7\u00e3o. &#8220;O senhor Jo\u00e3o de Deus continua em Abadi\u00e2nia \u00e0 disposi\u00e7\u00e3o das autoridades locais&#8221;, afirmou.<\/p>\n<p>&#8220;Irm\u00e3os e minhas queridas irm\u00e3s, agrade\u00e7o a Deus por estar aqui. Quero cumprir a lei brasileira. Estou nas m\u00e3os da Justi\u00e7a. O Jo\u00e3o de Deus ainda est\u00e1 vivo&#8221;, declarou o m\u00e9dium.<\/p>\n","protected":false},"excerpt":{"rendered":"<p>Acusado de abuso sexual, o m\u00e9dium Jo\u00e3o de Deus corre o risco de ser preso. Ap\u00f3s sua tentativa de continuar atendendo nessa\u00a0quarta-feira, 12, o Minist\u00e9rio P\u00fablico de Goi\u00e1s apresentou no final da tarde, segundo apurou a Ag\u00eancia Brasil,\u00a0o\u00a0pedido de pris\u00e3o preventiva. Dois promotores respons\u00e1veis pela for\u00e7a-tarefa\u00a0que investiga mais de 200 den\u00fancias contra o m\u00e9dium estiveram [&hellip;]<\/p>\n","protected":false},"author":96,"featured_media":0,"comment_status":"closed","ping_status":"closed","sticky":false,"template":"","format":"standard","meta":{"footnotes":""},"categories":[302,439],"tags":[],"class_list":["post-128208","post","type-post","status-publish","format-standard","hentry","category-brasil-mundo","category-ultima-hora"],"_links":{"self":[{"href":"https:\/\/diarioregionaldigital.com.br\/index.php?rest_route=\/wp\/v2\/posts\/128208","targetHints":{"allow":["GET"]}}],"collection":[{"href":"https:\/\/diarioregionaldigital.com.br\/index.php?rest_route=\/wp\/v2\/posts"}],"about":[{"href":"https:\/\/diarioregionaldigital.com.br\/index.php?rest_route=\/wp\/v2\/types\/post"}],"author":[{"embeddable":true,"href":"https:\/\/diarioregionaldigital.com.br\/index.php?rest_route=\/wp\/v2\/users\/96"}],"replies":[{"embeddable":true,"href":"https:\/\/diarioregionaldigital.com.br\/index.php?rest_route=%2Fwp%2Fv2%2Fcomments&post=128208"}],"version-history":[{"count":0,"href":"https:\/\/diarioregionaldigital.com.br\/index.php?rest_route=\/wp\/v2\/posts\/128208\/revisions"}],"wp:attachment":[{"href":"https:\/\/diarioregionaldigital.com.br\/index.php?rest_route=%2Fwp%2Fv2%2Fmedia&parent=128208"}],"wp:term":[{"taxonomy":"category","embeddable":true,"href":"https:\/\/diarioregionaldigital.com.br\/index.php?rest_route=%2Fwp%2Fv2%2Fcategories&post=128208"},{"taxonomy":"post_tag","embeddable":true,"href":"https:\/\/diarioregionaldigital.com.br\/index.php?rest_route=%2Fwp%2Fv2%2Ftags&post=128208"}],"curies":[{"name":"wp","href":"https:\/\/api.w.org\/{rel}","templated":true}]}}