{"id":128202,"date":"2018-12-13T11:03:56","date_gmt":"2018-12-13T13:03:56","guid":{"rendered":"https:\/\/diarioregionaldigital.com.br\/?p=128202"},"modified":"2018-12-13T11:03:56","modified_gmt":"2018-12-13T13:03:56","slug":"monte-sinai-inaugura-centro-de-atencao-a-mulher","status":"publish","type":"post","link":"https:\/\/diarioregionaldigital.com.br\/?p=128202","title":{"rendered":"Monte Sinai inaugura Centro de Aten\u00e7\u00e3o \u00e0 Mulher"},"content":{"rendered":"<p>Nesta quinta-feira, 13, o Hospital Monte Sinai inaugurou o Centro de Aten\u00e7\u00e3o \u00e0 Mulher. O objetivo \u00e9 atender as pacientes de procedimentos espec\u00edficos, com um acolhimento diferenciado.<\/p>\n<p>O andar, especialmente reservado, conta com 12 apartamentos, 8 leitos de alojamento conjunto e um quarto para parto humanizado com ambiente todo preparado para receber as gestantes que fizeram esta op\u00e7\u00e3o de plano de parto.<\/p>\n<p>Em nota, a assessoria informou que o novo espa\u00e7o permite uma acomoda\u00e7\u00e3o mais adequada para alguns tipos de cirurgia pl\u00e1stica, procedimentos ginecol\u00f3gicos.<\/p>\n<p>A entrada do pr\u00e9dio \u00e9 pelo hall principal do Hospital, na Avenida Itamar Franco, zona Central de Juiz de Fora.<\/p>\n","protected":false},"excerpt":{"rendered":"<p>Nesta quinta-feira, 13, o Hospital Monte Sinai inaugurou o Centro de Aten\u00e7\u00e3o \u00e0 Mulher. O objetivo \u00e9 atender as pacientes de procedimentos espec\u00edficos, com um acolhimento diferenciado. O andar, especialmente reservado, conta com 12 apartamentos, 8 leitos de alojamento conjunto e um quarto para parto humanizado com ambiente todo preparado para receber as gestantes que [&hellip;]<\/p>\n","protected":false},"author":96,"featured_media":0,"comment_status":"closed","ping_status":"closed","sticky":false,"template":"","format":"standard","meta":{"footnotes":""},"categories":[253,439],"tags":[],"class_list":["post-128202","post","type-post","status-publish","format-standard","hentry","category-cidade","category-ultima-hora"],"_links":{"self":[{"href":"https:\/\/diarioregionaldigital.com.br\/index.php?rest_route=\/wp\/v2\/posts\/128202","targetHints":{"allow":["GET"]}}],"collection":[{"href":"https:\/\/diarioregionaldigital.com.br\/index.php?rest_route=\/wp\/v2\/posts"}],"about":[{"href":"https:\/\/diarioregionaldigital.com.br\/index.php?rest_route=\/wp\/v2\/types\/post"}],"author":[{"embeddable":true,"href":"https:\/\/diarioregionaldigital.com.br\/index.php?rest_route=\/wp\/v2\/users\/96"}],"replies":[{"embeddable":true,"href":"https:\/\/diarioregionaldigital.com.br\/index.php?rest_route=%2Fwp%2Fv2%2Fcomments&post=128202"}],"version-history":[{"count":0,"href":"https:\/\/diarioregionaldigital.com.br\/index.php?rest_route=\/wp\/v2\/posts\/128202\/revisions"}],"wp:attachment":[{"href":"https:\/\/diarioregionaldigital.com.br\/index.php?rest_route=%2Fwp%2Fv2%2Fmedia&parent=128202"}],"wp:term":[{"taxonomy":"category","embeddable":true,"href":"https:\/\/diarioregionaldigital.com.br\/index.php?rest_route=%2Fwp%2Fv2%2Fcategories&post=128202"},{"taxonomy":"post_tag","embeddable":true,"href":"https:\/\/diarioregionaldigital.com.br\/index.php?rest_route=%2Fwp%2Fv2%2Ftags&post=128202"}],"curies":[{"name":"wp","href":"https:\/\/api.w.org\/{rel}","templated":true}]}}