{"id":128200,"date":"2018-12-13T10:12:59","date_gmt":"2018-12-13T12:12:59","guid":{"rendered":"https:\/\/diarioregionaldigital.com.br\/?p=128200"},"modified":"2018-12-13T10:12:59","modified_gmt":"2018-12-13T12:12:59","slug":"ufjf-oferece-1-331-vagas-pelo-sisu-2019","status":"publish","type":"post","link":"https:\/\/diarioregionaldigital.com.br\/?p=128200","title":{"rendered":"UFJF oferece 1.331 vagas pelo Sisu 2019"},"content":{"rendered":"<p>A Universidade Federal de Juiz de Fora (UFJF) vai oferecer 1.331 vagas em 57 op\u00e7\u00f5es de cursos nos dois campi de Juiz de Fora e Governador Valadares, por meio do Sistema de Sele\u00e7\u00e3o Unificada (Sisu) 2019. Tamb\u00e9m est\u00e1 publicado a \u00edntegra do Termo de Ades\u00e3o, documento oficial que detalha quantitativo de vagas; divis\u00e3o; pesos para as \u00e1reas de conhecimento; e cursos que ser\u00e3o ofertados pela institui\u00e7\u00e3o.<\/p>\n<p>Os estudantes precisam fazer a inscri\u00e7\u00e3o no Sisu entre os dias 22 e 25 de janeiro. J\u00e1 o resultado da chamada regular vai estar dispon\u00edvel no dia 28 do mesmo m\u00eas e o per\u00edodo para participar da lista de espera come\u00e7a no mesmo dia e vai at\u00e9 o dia 4 de fevereiro.\u00a0\u00a0Nesta edi\u00e7\u00e3o do processo, s\u00e3o 1.111 oportunidades para o campus de Juiz de Fora e 220 para Governador Valadares. As vagas s\u00e3o distribu\u00eddas em nove grupos de acesso diferentes. Metade delas \u00e9 destinada \u00e0 ampla concorr\u00eancia e outra metade aos demais oito grupos, de acordo com o perfil de cada estudante.<\/p>\n<p>Os interessados em concorrer a uma das vagas no primeiro semestre de 2019 devem ter realizado o Exame Nacional do Ensino M\u00e9dio (Enem) 2018 e n\u00e3o podem ter zerado a prova de reda\u00e7\u00e3o. O Sisu vai receber inscri\u00e7\u00f5es, exclusivamente pelo site do sistema, dentro do prazo estabelecido. \u00c9 preciso informar o n\u00famero de inscri\u00e7\u00e3o do Enem 2018 e a senha mais atual cadastrada no sistema. Cada candidato vai poder se inscrever em at\u00e9 duas op\u00e7\u00f5es de curso. O procedimento \u00e9 gratuito.<\/p>\n<p>Participantes na situa\u00e7\u00e3o de treineiros n\u00e3o podem usar o Enem como instrumento \u00fanico ou complementar para o acesso ao ensino superior ou para programas governamentais de financiamento ao estudante de educa\u00e7\u00e3o superior. Os treineiros s\u00e3o aqueles que tenham menos de 18 anos no primeiro dia de aplica\u00e7\u00e3o do Enem e que ir\u00e3o concluir o ensino m\u00e9dio letivo ap\u00f3s o ano de 2018.<\/p>\n<p>O Minist\u00e9rio da Educa\u00e7\u00e3o (MEC) ressalta que \u00e9 importante que os candidatos estejam atentos, porque algumas institui\u00e7\u00f5es adotam notas m\u00ednimas ou m\u00e9dias m\u00ednimas para inscri\u00e7\u00e3o em determinados cursos. Sendo assim, se, na hora da inscri\u00e7\u00e3o, a nota do candidato n\u00e3o for suficiente para concorrer ao curso, o sistema emitir\u00e1 mensagem com esta informa\u00e7\u00e3o.<\/p>\n<p>O candidato deve ficar atento tamb\u00e9m aos prazos e regras definidos pelo Minist\u00e9rio da Educa\u00e7\u00e3o (MEC), respons\u00e1vel pelo gerenciamento do sistema, e demais informa\u00e7\u00f5es dispon\u00edveis do grupo escolhido. A matr\u00edcula da chamada regular ser\u00e1 feita entre os dias 30 de janeiro e 4 de fevereiro. Caso aprovado, o estudante dever\u00e1 apresentar a documenta\u00e7\u00e3o correspondente. Na falta dela, poder\u00e1 perder a vaga. A partir do dia 7 de fevereiro ocorre a convoca\u00e7\u00e3o dos candidatos em lista de espera pelas institui\u00e7\u00f5es.<\/p>\n<p><em>Fonte: Assessoria<\/em><\/p>\n","protected":false},"excerpt":{"rendered":"<p>A Universidade Federal de Juiz de Fora (UFJF) vai oferecer 1.331 vagas em 57 op\u00e7\u00f5es de cursos nos dois campi de Juiz de Fora e Governador Valadares, por meio do Sistema de Sele\u00e7\u00e3o Unificada (Sisu) 2019. Tamb\u00e9m est\u00e1 publicado a \u00edntegra do Termo de Ades\u00e3o, documento oficial que detalha quantitativo de vagas; divis\u00e3o; pesos para [&hellip;]<\/p>\n","protected":false},"author":96,"featured_media":125741,"comment_status":"closed","ping_status":"closed","sticky":false,"template":"","format":"standard","meta":{"footnotes":""},"categories":[253,439],"tags":[],"class_list":["post-128200","post","type-post","status-publish","format-standard","has-post-thumbnail","hentry","category-cidade","category-ultima-hora"],"_links":{"self":[{"href":"https:\/\/diarioregionaldigital.com.br\/index.php?rest_route=\/wp\/v2\/posts\/128200","targetHints":{"allow":["GET"]}}],"collection":[{"href":"https:\/\/diarioregionaldigital.com.br\/index.php?rest_route=\/wp\/v2\/posts"}],"about":[{"href":"https:\/\/diarioregionaldigital.com.br\/index.php?rest_route=\/wp\/v2\/types\/post"}],"author":[{"embeddable":true,"href":"https:\/\/diarioregionaldigital.com.br\/index.php?rest_route=\/wp\/v2\/users\/96"}],"replies":[{"embeddable":true,"href":"https:\/\/diarioregionaldigital.com.br\/index.php?rest_route=%2Fwp%2Fv2%2Fcomments&post=128200"}],"version-history":[{"count":0,"href":"https:\/\/diarioregionaldigital.com.br\/index.php?rest_route=\/wp\/v2\/posts\/128200\/revisions"}],"wp:featuredmedia":[{"embeddable":true,"href":"https:\/\/diarioregionaldigital.com.br\/index.php?rest_route=\/wp\/v2\/media\/125741"}],"wp:attachment":[{"href":"https:\/\/diarioregionaldigital.com.br\/index.php?rest_route=%2Fwp%2Fv2%2Fmedia&parent=128200"}],"wp:term":[{"taxonomy":"category","embeddable":true,"href":"https:\/\/diarioregionaldigital.com.br\/index.php?rest_route=%2Fwp%2Fv2%2Fcategories&post=128200"},{"taxonomy":"post_tag","embeddable":true,"href":"https:\/\/diarioregionaldigital.com.br\/index.php?rest_route=%2Fwp%2Fv2%2Ftags&post=128200"}],"curies":[{"name":"wp","href":"https:\/\/api.w.org\/{rel}","templated":true}]}}