{"id":128193,"date":"2018-12-13T09:19:55","date_gmt":"2018-12-13T11:19:55","guid":{"rendered":"https:\/\/diarioregionaldigital.com.br\/?p=128193"},"modified":"2018-12-13T09:19:55","modified_gmt":"2018-12-13T11:19:55","slug":"jovem-e-preso-por-trafico-de-drogas-no-bairro-solidariedade","status":"publish","type":"post","link":"https:\/\/diarioregionaldigital.com.br\/?p=128193","title":{"rendered":"Jovem \u00e9 preso por tr\u00e1fico de drogas no bairro Solidariedade"},"content":{"rendered":"<p>A Pol\u00edcia Militar (PM) prendeu nessa quarta-feira, 12, um jovem, 22 anos, por tr\u00e1fico de drogas no bairro Solidariedade, na zona Sudeste de Juiz de Fora.<\/p>\n<p>Durante uma opera\u00e7\u00e3o, realizada no fim da tarde, os policiais viram o autor jogando um pacote no ch\u00e3o ao perceber a presen\u00e7a da PM. Em seguida ele fugiu e, mesmo com rastreamento na \u00e1rea, n\u00e3o foi encontrado.<\/p>\n<p>No local, foram encontrados 32 papelotes de coca\u00edna, R$150 e um caderno de anota\u00e7\u00f5es. O material foi apreendido e levado para delegacia.<\/p>\n<p>&nbsp;<\/p>\n","protected":false},"excerpt":{"rendered":"<p>A Pol\u00edcia Militar (PM) prendeu nessa quarta-feira, 12, um jovem, 22 anos, por tr\u00e1fico de drogas no bairro Solidariedade, na zona Sudeste de Juiz de Fora. Durante uma opera\u00e7\u00e3o, realizada no fim da tarde, os policiais viram o autor jogando um pacote no ch\u00e3o ao perceber a presen\u00e7a da PM. Em seguida ele fugiu e, [&hellip;]<\/p>\n","protected":false},"author":96,"featured_media":95836,"comment_status":"closed","ping_status":"closed","sticky":false,"template":"","format":"standard","meta":{"footnotes":""},"categories":[301],"tags":[],"class_list":["post-128193","post","type-post","status-publish","format-standard","has-post-thumbnail","hentry","category-artigos-policiais"],"_links":{"self":[{"href":"https:\/\/diarioregionaldigital.com.br\/index.php?rest_route=\/wp\/v2\/posts\/128193","targetHints":{"allow":["GET"]}}],"collection":[{"href":"https:\/\/diarioregionaldigital.com.br\/index.php?rest_route=\/wp\/v2\/posts"}],"about":[{"href":"https:\/\/diarioregionaldigital.com.br\/index.php?rest_route=\/wp\/v2\/types\/post"}],"author":[{"embeddable":true,"href":"https:\/\/diarioregionaldigital.com.br\/index.php?rest_route=\/wp\/v2\/users\/96"}],"replies":[{"embeddable":true,"href":"https:\/\/diarioregionaldigital.com.br\/index.php?rest_route=%2Fwp%2Fv2%2Fcomments&post=128193"}],"version-history":[{"count":0,"href":"https:\/\/diarioregionaldigital.com.br\/index.php?rest_route=\/wp\/v2\/posts\/128193\/revisions"}],"wp:featuredmedia":[{"embeddable":true,"href":"https:\/\/diarioregionaldigital.com.br\/index.php?rest_route=\/wp\/v2\/media\/95836"}],"wp:attachment":[{"href":"https:\/\/diarioregionaldigital.com.br\/index.php?rest_route=%2Fwp%2Fv2%2Fmedia&parent=128193"}],"wp:term":[{"taxonomy":"category","embeddable":true,"href":"https:\/\/diarioregionaldigital.com.br\/index.php?rest_route=%2Fwp%2Fv2%2Fcategories&post=128193"},{"taxonomy":"post_tag","embeddable":true,"href":"https:\/\/diarioregionaldigital.com.br\/index.php?rest_route=%2Fwp%2Fv2%2Ftags&post=128193"}],"curies":[{"name":"wp","href":"https:\/\/api.w.org\/{rel}","templated":true}]}}