{"id":128189,"date":"2018-12-13T08:19:33","date_gmt":"2018-12-13T10:19:33","guid":{"rendered":"https:\/\/diarioregionaldigital.com.br\/?p=128189"},"modified":"2018-12-13T08:34:43","modified_gmt":"2018-12-13T10:34:43","slug":"assaltantes-roubam-celular-de-pedestre-no-distrito-industrial","status":"publish","type":"post","link":"https:\/\/diarioregionaldigital.com.br\/?p=128189","title":{"rendered":"Assaltantes roubam celular de pedestre no Distrito Industrial"},"content":{"rendered":"<p>Um homem, 50 anos, foi assaltado na noite dessa quarta-feira, 12, no Distrito Industrial, na zona Norte, em Juiz de Fora. O crime aconteceu pouco antes das 22h quando ele passava pela Rua J\u00falio Dion\u00edsio Cardoso.<\/p>\n<p>Segundo a v\u00edtima, dois indiv\u00edduos chegaram em uma motocicleta e anunciaram o assalto. O autor que estava no carona tinha um rev\u00f3lver em m\u00e3os e fez amea\u00e7as para que o homem entregasse o celular.<\/p>\n<p>Ap\u00f3s conseguir o aparelho telef\u00f4nico, os assaltantes fugiram e n\u00e3o foram localizados pela Pol\u00edcia Militar.<\/p>\n","protected":false},"excerpt":{"rendered":"<p>Um homem, 50 anos, foi assaltado na noite dessa quarta-feira, 12, no Distrito Industrial, na zona Norte, em Juiz de Fora. O crime aconteceu pouco antes das 22h quando ele passava pela Rua J\u00falio Dion\u00edsio Cardoso. Segundo a v\u00edtima, dois indiv\u00edduos chegaram em uma motocicleta e anunciaram o assalto. O autor que estava no carona [&hellip;]<\/p>\n","protected":false},"author":96,"featured_media":95836,"comment_status":"closed","ping_status":"closed","sticky":false,"template":"","format":"standard","meta":{"footnotes":""},"categories":[301],"tags":[],"class_list":["post-128189","post","type-post","status-publish","format-standard","has-post-thumbnail","hentry","category-artigos-policiais"],"_links":{"self":[{"href":"https:\/\/diarioregionaldigital.com.br\/index.php?rest_route=\/wp\/v2\/posts\/128189","targetHints":{"allow":["GET"]}}],"collection":[{"href":"https:\/\/diarioregionaldigital.com.br\/index.php?rest_route=\/wp\/v2\/posts"}],"about":[{"href":"https:\/\/diarioregionaldigital.com.br\/index.php?rest_route=\/wp\/v2\/types\/post"}],"author":[{"embeddable":true,"href":"https:\/\/diarioregionaldigital.com.br\/index.php?rest_route=\/wp\/v2\/users\/96"}],"replies":[{"embeddable":true,"href":"https:\/\/diarioregionaldigital.com.br\/index.php?rest_route=%2Fwp%2Fv2%2Fcomments&post=128189"}],"version-history":[{"count":0,"href":"https:\/\/diarioregionaldigital.com.br\/index.php?rest_route=\/wp\/v2\/posts\/128189\/revisions"}],"wp:featuredmedia":[{"embeddable":true,"href":"https:\/\/diarioregionaldigital.com.br\/index.php?rest_route=\/wp\/v2\/media\/95836"}],"wp:attachment":[{"href":"https:\/\/diarioregionaldigital.com.br\/index.php?rest_route=%2Fwp%2Fv2%2Fmedia&parent=128189"}],"wp:term":[{"taxonomy":"category","embeddable":true,"href":"https:\/\/diarioregionaldigital.com.br\/index.php?rest_route=%2Fwp%2Fv2%2Fcategories&post=128189"},{"taxonomy":"post_tag","embeddable":true,"href":"https:\/\/diarioregionaldigital.com.br\/index.php?rest_route=%2Fwp%2Fv2%2Ftags&post=128189"}],"curies":[{"name":"wp","href":"https:\/\/api.w.org\/{rel}","templated":true}]}}