{"id":128179,"date":"2018-12-13T06:00:18","date_gmt":"2018-12-13T08:00:18","guid":{"rendered":"https:\/\/diarioregionaldigital.com.br\/?p=128179"},"modified":"2018-12-12T20:51:11","modified_gmt":"2018-12-12T22:51:11","slug":"o-materialismo-racionaliza-o-homicidio-2","status":"publish","type":"post","link":"https:\/\/diarioregionaldigital.com.br\/?p=128179","title":{"rendered":"O Materialismo &#8220;Racionaliza&#8221; O Homic\u00eddio"},"content":{"rendered":"<p style=\"text-align: center;\"><strong>O Materialismo &#8220;Racionaliza&#8221; O Homic\u00eddio <\/strong><\/p>\n<p style=\"text-align: center;\">Dizem que falta petr\u00f3leo no Jap\u00e3o. Mas o que falta \u00e9 O marxismo, sendo uma teoria materialista, n\u00e3o reconhece a exist\u00eancia de Deus. O materialismo n\u00e3o desperta no ser humano a consci\u00eancia do seu real valor; pelo contr\u00e1rio, suscita ideias como a de que o homem &#8220;\u00e9 um fungo min\u00fasculo surgido no Universo&#8221; ou de que &#8220;\u00e9 um ser insignificante como um capim&#8221;. Isso leva algumas pessoas a pensar que n\u00e3o valem mais que um fungo ou um capim e que o mundo n\u00e3o perderia nada com o seu desaparecimento; e esse pensamento as deixa profundamente deprimidas.<br \/>\nH\u00e1 algum tempo, o jornal Sankei noticiou o caso de um jovem, aluno de um col\u00e9gio de Osaka, que se suicidou em decorr\u00eancia de sua vis\u00e3o pessimista da vida. Entre os seus pertences havia um caderninho de anota\u00e7\u00f5es, que ele denominara &#8220;Caderno Negro&#8221;, onde escrevia, alternadamente com a namorada, ideias sombrias a respeito desta vida. T\u00eam ocorrido ultimamente muitos casos de suic\u00eddios entre estudantes, o que \u00e9 um fen\u00f4meno in\u00e9dito e alarmante. \u00c9 preciso reconhecer que esse fato \u00e9 uma das consequ\u00eancias nocivas da educa\u00e7\u00e3o materialista que, ap\u00f3s a Segunda Guerra Mundial, passou a ser ministrada na maioria das escolas do Jap\u00e3o, sob a diretriz da Nikky\u00f5so*, a qual prega que este mundo \u00e9 um aglomerado de mat\u00e9ria e que o homem n\u00e3o passa de um agregado casual de determinados elementos materiais. Se o homem fosse apenas um agregado casual de elementos materiais, n\u00e3o haveria nenhuma finalidade, nem significado, no fato de ele ter surgido neste mundo. Se uma pessoa n\u00e3o descobrir o significado e a import\u00e2ncia de ter nascido como ser humano e pensar que est\u00e1 vivendo num mundo sem valor, que n\u00e3o passa de um aglomerado de mat\u00e9ria, ser\u00e1 tomada de ang\u00fastia e acabar\u00e1 cometendo suic\u00eddio ou se tornar\u00e1 um indiv\u00edduo revoltado e agressivo, sem esperan\u00e7a no futuro. Existem jovens que pensam: &#8220;N\u00e3o vim a este mundo por minha pr\u00f3pria vontade, tendo um objetivo ou um ideal. Nasci por acaso, em consequ\u00eancia da uni\u00e3o casual de mol\u00e9culas da mat\u00e9ria que ocorreu como &#8216;subproduto&#8217; da busca de prazeres sensuais por parte dos meus pais. J\u00e1 que nasci, tenho de encontrar algo em que me ocupar enquanto viver; mas n\u00e3o quero fazer nada que seja dif\u00edcil ou penoso. A \u00fanica coisa que vale a pena \u00e9 a busca de prazeres. Se isso n\u00e3o for poss\u00edvel, n\u00e3o haver\u00e1 finalidade nem sentido em continuar vivendo&#8221;. Com tal pensamento, \u00e9 natural que se tornem deprimidos ou revoltados. Como se pode perceber, enquanto a pessoa tive uma vis\u00e3o casualista e materialista a respeito do ser humano, n\u00e3o surgir\u00e1 nela o sentimento de valorizar e reverenciar a Vida. \u00c9 por essa raz\u00e3o que alguns jovens, pelo simples fato de terem sido repreendidos pelos pais, ficam revoltados e atentam contra a pr\u00f3pria Vida.<\/p>\n","protected":false},"excerpt":{"rendered":"<p>O Materialismo &#8220;Racionaliza&#8221; O Homic\u00eddio Dizem que falta petr\u00f3leo no Jap\u00e3o. Mas o que falta \u00e9 O marxismo, sendo uma teoria materialista, n\u00e3o reconhece a exist\u00eancia de Deus. O materialismo n\u00e3o desperta no ser humano a consci\u00eancia do seu real valor; pelo contr\u00e1rio, suscita ideias como a de que o homem &#8220;\u00e9 um fungo min\u00fasculo [&hellip;]<\/p>\n","protected":false},"author":96,"featured_media":0,"comment_status":"closed","ping_status":"closed","sticky":false,"template":"","format":"standard","meta":{"footnotes":""},"categories":[263],"tags":[],"class_list":["post-128179","post","type-post","status-publish","format-standard","hentry","category-jane-aragao"],"_links":{"self":[{"href":"https:\/\/diarioregionaldigital.com.br\/index.php?rest_route=\/wp\/v2\/posts\/128179","targetHints":{"allow":["GET"]}}],"collection":[{"href":"https:\/\/diarioregionaldigital.com.br\/index.php?rest_route=\/wp\/v2\/posts"}],"about":[{"href":"https:\/\/diarioregionaldigital.com.br\/index.php?rest_route=\/wp\/v2\/types\/post"}],"author":[{"embeddable":true,"href":"https:\/\/diarioregionaldigital.com.br\/index.php?rest_route=\/wp\/v2\/users\/96"}],"replies":[{"embeddable":true,"href":"https:\/\/diarioregionaldigital.com.br\/index.php?rest_route=%2Fwp%2Fv2%2Fcomments&post=128179"}],"version-history":[{"count":0,"href":"https:\/\/diarioregionaldigital.com.br\/index.php?rest_route=\/wp\/v2\/posts\/128179\/revisions"}],"wp:attachment":[{"href":"https:\/\/diarioregionaldigital.com.br\/index.php?rest_route=%2Fwp%2Fv2%2Fmedia&parent=128179"}],"wp:term":[{"taxonomy":"category","embeddable":true,"href":"https:\/\/diarioregionaldigital.com.br\/index.php?rest_route=%2Fwp%2Fv2%2Fcategories&post=128179"},{"taxonomy":"post_tag","embeddable":true,"href":"https:\/\/diarioregionaldigital.com.br\/index.php?rest_route=%2Fwp%2Fv2%2Ftags&post=128179"}],"curies":[{"name":"wp","href":"https:\/\/api.w.org\/{rel}","templated":true}]}}