{"id":128168,"date":"2018-12-13T06:00:46","date_gmt":"2018-12-13T08:00:46","guid":{"rendered":"https:\/\/diarioregionaldigital.com.br\/?p=128168"},"modified":"2018-12-12T20:13:24","modified_gmt":"2018-12-12T22:13:24","slug":"mesas-de-natal","status":"publish","type":"post","link":"https:\/\/diarioregionaldigital.com.br\/?p=128168","title":{"rendered":"\u201cMesas de Natal\u201d"},"content":{"rendered":"<p style=\"text-align: center;\"><strong>Olha S\u00f3<\/strong><\/p>\n<p style=\"text-align: center;\">O Brasil se orgulha de ser um dos pa\u00edses mais religiosos do mundo, sendo que 87% dos brasileiros se dizem frequentadores de uma igreja crist\u00e3. Pelo que sei, esse percentual \u00e9 superado pela Pol\u00f4nia, cuja maioria \u00e9 cat\u00f3lica. Nos EUA 73% s\u00e3o crist\u00e3os e fan\u00e1ticos por Natal.<\/p>\n<p style=\"text-align: center;\"><strong>Justa Homenagem<\/strong><\/p>\n<p style=\"text-align: center;\">Em mem\u00f3ria ao saudoso Dr. Jos\u00e9 Sabino Tostes, que dedicou mais de 35 anos ao Hospital Regional Jo\u00e3o Penido como diretor, a casa dos residentes foi totalmente revitalizada para uso dos m\u00e9dicos da unidade nas \u00e1reas de cirurgia geral, ginecologia, obstetr\u00edcia e pediatria. A cl\u00ednica m\u00e9dica recebeu seu nome.<\/p>\n<p style=\"text-align: center;\"><strong>Cariocando<\/strong><\/p>\n<p style=\"text-align: center;\">Inteligentes e compactos, os pesquisadores Ricardo Grunewald, Frederico Bilheri e Gilmar dos Santos apresentaram o artigo \u201cFuga de c\u00e9rebros e qualidade de vida nas cidades\u201d, no Congresso de Administra\u00e7\u00e3o, Sociedade e Inova\u00e7\u00e3o, na Escola de Comando e Estado-Maior do Ex\u00e9rcito, na Urca.<\/p>\n<p style=\"text-align: center;\"><span style=\"font-size: 18pt;\"><strong>\u201cMesas de Natal\u201d<\/strong><\/span><\/p>\n<p style=\"text-align: center;\">Uma deslumbrante noite foi orquestrada pela Ascomcer para o evento Mesas de Natal no Marcellu\u2019s Aero. A bonita decora\u00e7\u00e3o de Silvana Feluxi e o buffet 5 estrelas de Tizinha Andrade fizeram contraponto para o tom musical do cantor M\u00e1rio Terror e participa\u00e7\u00e3o especial do cantor Thiago Miranda. As fotos de Marc\u00edlio Gomes registram presen\u00e7as chiques. Confiram.<\/p>\n<div id=\"attachment_128163\" style=\"width: 690px\" class=\"wp-caption aligncenter\"><img loading=\"lazy\" decoding=\"async\" aria-describedby=\"caption-attachment-128163\" class=\"wp-image-128163\" src=\"https:\/\/diarioregionaldigital.com.br\/wp-content\/uploads\/2018\/12\/fotoa-6-e1544648987392.jpg\" alt=\"\" width=\"680\" height=\"502\" srcset=\"https:\/\/diarioregionaldigital.com.br\/wp-content\/uploads\/2018\/12\/fotoa-6-e1544648987392.jpg 3456w, https:\/\/diarioregionaldigital.com.br\/wp-content\/uploads\/2018\/12\/fotoa-6-e1544648987392-300x222.jpg 300w, https:\/\/diarioregionaldigital.com.br\/wp-content\/uploads\/2018\/12\/fotoa-6-e1544648987392-768x567.jpg 768w, https:\/\/diarioregionaldigital.com.br\/wp-content\/uploads\/2018\/12\/fotoa-6-e1544648987392-1024x756.jpg 1024w, https:\/\/diarioregionaldigital.com.br\/wp-content\/uploads\/2018\/12\/fotoa-6-e1544648987392-360x266.jpg 360w\" sizes=\"auto, (max-width: 680px) 100vw, 680px\" \/><p id=\"caption-attachment-128163\" class=\"wp-caption-text\">A elegante Iracema Guedes com Eduardo Gomes<\/p><\/div>\n<div id=\"attachment_128142\" style=\"width: 690px\" class=\"wp-caption aligncenter\"><img loading=\"lazy\" decoding=\"async\" aria-describedby=\"caption-attachment-128142\" class=\"wp-image-128142\" src=\"https:\/\/diarioregionaldigital.com.br\/wp-content\/uploads\/2018\/12\/fotob-6.jpg\" alt=\"\" width=\"680\" height=\"453\" srcset=\"https:\/\/diarioregionaldigital.com.br\/wp-content\/uploads\/2018\/12\/fotob-6.jpg 5184w, https:\/\/diarioregionaldigital.com.br\/wp-content\/uploads\/2018\/12\/fotob-6-300x200.jpg 300w, https:\/\/diarioregionaldigital.com.br\/wp-content\/uploads\/2018\/12\/fotob-6-768x512.jpg 768w, https:\/\/diarioregionaldigital.com.br\/wp-content\/uploads\/2018\/12\/fotob-6-1024x683.jpg 1024w, https:\/\/diarioregionaldigital.com.br\/wp-content\/uploads\/2018\/12\/fotob-6-360x240.jpg 360w\" sizes=\"auto, (max-width: 680px) 100vw, 680px\" \/><p id=\"caption-attachment-128142\" class=\"wp-caption-text\">Juliana Lamha, \u00c2ngela Lamha, Iris Rachid e Luciana Paschoalino<\/p><\/div>\n<div id=\"attachment_128143\" style=\"width: 690px\" class=\"wp-caption aligncenter\"><img loading=\"lazy\" decoding=\"async\" aria-describedby=\"caption-attachment-128143\" class=\"wp-image-128143\" src=\"https:\/\/diarioregionaldigital.com.br\/wp-content\/uploads\/2018\/12\/fotoc-6.jpg\" alt=\"\" width=\"680\" height=\"453\" srcset=\"https:\/\/diarioregionaldigital.com.br\/wp-content\/uploads\/2018\/12\/fotoc-6.jpg 5184w, https:\/\/diarioregionaldigital.com.br\/wp-content\/uploads\/2018\/12\/fotoc-6-300x200.jpg 300w, https:\/\/diarioregionaldigital.com.br\/wp-content\/uploads\/2018\/12\/fotoc-6-768x512.jpg 768w, https:\/\/diarioregionaldigital.com.br\/wp-content\/uploads\/2018\/12\/fotoc-6-1024x683.jpg 1024w, https:\/\/diarioregionaldigital.com.br\/wp-content\/uploads\/2018\/12\/fotoc-6-360x240.jpg 360w\" sizes=\"auto, (max-width: 680px) 100vw, 680px\" \/><p id=\"caption-attachment-128143\" class=\"wp-caption-text\">Val\u00e9ria Salles, Sandra Fortuna, Arly Queiros Salles, V\u00e2nia Fortuna, Renato Passos e Gra\u00e7a Loures<\/p><\/div>\n<div id=\"attachment_128151\" style=\"width: 690px\" class=\"wp-caption aligncenter\"><img loading=\"lazy\" decoding=\"async\" aria-describedby=\"caption-attachment-128151\" class=\"wp-image-128151\" src=\"https:\/\/diarioregionaldigital.com.br\/wp-content\/uploads\/2018\/12\/fotol-4.jpg\" alt=\"\" width=\"680\" height=\"492\" srcset=\"https:\/\/diarioregionaldigital.com.br\/wp-content\/uploads\/2018\/12\/fotol-4.jpg 1618w, https:\/\/diarioregionaldigital.com.br\/wp-content\/uploads\/2018\/12\/fotol-4-300x217.jpg 300w, https:\/\/diarioregionaldigital.com.br\/wp-content\/uploads\/2018\/12\/fotol-4-768x555.jpg 768w, https:\/\/diarioregionaldigital.com.br\/wp-content\/uploads\/2018\/12\/fotol-4-1024x740.jpg 1024w, https:\/\/diarioregionaldigital.com.br\/wp-content\/uploads\/2018\/12\/fotol-4-360x260.jpg 360w\" sizes=\"auto, (max-width: 680px) 100vw, 680px\" \/><p id=\"caption-attachment-128151\" class=\"wp-caption-text\">Luis Francisco Del Ducca Brand\u00e3o e sua m\u00e3e Gemma Brand\u00e3o, prefeito Ant\u00f4nio Almas e Marc\u00edlio Gomes<\/p><\/div>\n<div id=\"attachment_128144\" style=\"width: 690px\" class=\"wp-caption aligncenter\"><img loading=\"lazy\" decoding=\"async\" aria-describedby=\"caption-attachment-128144\" class=\"wp-image-128144\" src=\"https:\/\/diarioregionaldigital.com.br\/wp-content\/uploads\/2018\/12\/fotod-6-e1544649230288.jpg\" alt=\"\" width=\"680\" height=\"504\" srcset=\"https:\/\/diarioregionaldigital.com.br\/wp-content\/uploads\/2018\/12\/fotod-6-e1544649230288.jpg 3444w, https:\/\/diarioregionaldigital.com.br\/wp-content\/uploads\/2018\/12\/fotod-6-e1544649230288-300x222.jpg 300w, https:\/\/diarioregionaldigital.com.br\/wp-content\/uploads\/2018\/12\/fotod-6-e1544649230288-768x569.jpg 768w, https:\/\/diarioregionaldigital.com.br\/wp-content\/uploads\/2018\/12\/fotod-6-e1544649230288-1024x759.jpg 1024w, https:\/\/diarioregionaldigital.com.br\/wp-content\/uploads\/2018\/12\/fotod-6-e1544649230288-360x267.jpg 360w\" sizes=\"auto, (max-width: 680px) 100vw, 680px\" \/><p id=\"caption-attachment-128144\" class=\"wp-caption-text\">Regina Passos, Rose Cruz, Alessandra Sampaio e Eduardo Gomes<\/p><\/div>\n<div id=\"attachment_128145\" style=\"width: 690px\" class=\"wp-caption aligncenter\"><img loading=\"lazy\" decoding=\"async\" aria-describedby=\"caption-attachment-128145\" class=\"wp-image-128145\" src=\"https:\/\/diarioregionaldigital.com.br\/wp-content\/uploads\/2018\/12\/fotoe-5.jpg\" alt=\"\" width=\"680\" height=\"453\" srcset=\"https:\/\/diarioregionaldigital.com.br\/wp-content\/uploads\/2018\/12\/fotoe-5.jpg 5184w, https:\/\/diarioregionaldigital.com.br\/wp-content\/uploads\/2018\/12\/fotoe-5-300x200.jpg 300w, https:\/\/diarioregionaldigital.com.br\/wp-content\/uploads\/2018\/12\/fotoe-5-768x512.jpg 768w, https:\/\/diarioregionaldigital.com.br\/wp-content\/uploads\/2018\/12\/fotoe-5-1024x683.jpg 1024w, https:\/\/diarioregionaldigital.com.br\/wp-content\/uploads\/2018\/12\/fotoe-5-360x240.jpg 360w\" sizes=\"auto, (max-width: 680px) 100vw, 680px\" \/><p id=\"caption-attachment-128145\" class=\"wp-caption-text\">K\u00e1tia Mockdeci, Janete Policeni, Magide Mockdeci e Val\u00e9ria Mockdeci<\/p><\/div>\n<div id=\"attachment_128146\" style=\"width: 690px\" class=\"wp-caption aligncenter\"><img loading=\"lazy\" decoding=\"async\" aria-describedby=\"caption-attachment-128146\" class=\"wp-image-128146\" src=\"https:\/\/diarioregionaldigital.com.br\/wp-content\/uploads\/2018\/12\/fotof-7-e1544649190246.jpg\" alt=\"\" width=\"680\" height=\"520\" srcset=\"https:\/\/diarioregionaldigital.com.br\/wp-content\/uploads\/2018\/12\/fotof-7-e1544649190246.jpg 3456w, https:\/\/diarioregionaldigital.com.br\/wp-content\/uploads\/2018\/12\/fotof-7-e1544649190246-300x229.jpg 300w, https:\/\/diarioregionaldigital.com.br\/wp-content\/uploads\/2018\/12\/fotof-7-e1544649190246-768x587.jpg 768w, https:\/\/diarioregionaldigital.com.br\/wp-content\/uploads\/2018\/12\/fotof-7-e1544649190246-1024x783.jpg 1024w, https:\/\/diarioregionaldigital.com.br\/wp-content\/uploads\/2018\/12\/fotof-7-e1544649190246-360x275.jpg 360w\" sizes=\"auto, (max-width: 680px) 100vw, 680px\" \/><p id=\"caption-attachment-128146\" class=\"wp-caption-text\">Prefeito Ant\u00f4nio Almas e Eloisa Almas<\/p><\/div>\n<div id=\"attachment_128147\" style=\"width: 690px\" class=\"wp-caption aligncenter\"><img loading=\"lazy\" decoding=\"async\" aria-describedby=\"caption-attachment-128147\" class=\"wp-image-128147\" src=\"https:\/\/diarioregionaldigital.com.br\/wp-content\/uploads\/2018\/12\/fotog-7-e1544649153302.jpg\" alt=\"\" width=\"680\" height=\"502\" srcset=\"https:\/\/diarioregionaldigital.com.br\/wp-content\/uploads\/2018\/12\/fotog-7-e1544649153302.jpg 3456w, https:\/\/diarioregionaldigital.com.br\/wp-content\/uploads\/2018\/12\/fotog-7-e1544649153302-300x222.jpg 300w, https:\/\/diarioregionaldigital.com.br\/wp-content\/uploads\/2018\/12\/fotog-7-e1544649153302-768x567.jpg 768w, https:\/\/diarioregionaldigital.com.br\/wp-content\/uploads\/2018\/12\/fotog-7-e1544649153302-1024x756.jpg 1024w, https:\/\/diarioregionaldigital.com.br\/wp-content\/uploads\/2018\/12\/fotog-7-e1544649153302-360x266.jpg 360w\" sizes=\"auto, (max-width: 680px) 100vw, 680px\" \/><p id=\"caption-attachment-128147\" class=\"wp-caption-text\">Gra\u00e7a Loures, Cl\u00e1udia Matos e M\u00f4nica Gomite Guimar\u00e3es<\/p><\/div>\n<div id=\"attachment_128148\" style=\"width: 690px\" class=\"wp-caption aligncenter\"><img loading=\"lazy\" decoding=\"async\" aria-describedby=\"caption-attachment-128148\" class=\"wp-image-128148\" src=\"https:\/\/diarioregionaldigital.com.br\/wp-content\/uploads\/2018\/12\/fotoh-6.jpg\" alt=\"\" width=\"680\" height=\"453\" srcset=\"https:\/\/diarioregionaldigital.com.br\/wp-content\/uploads\/2018\/12\/fotoh-6.jpg 5184w, https:\/\/diarioregionaldigital.com.br\/wp-content\/uploads\/2018\/12\/fotoh-6-300x200.jpg 300w, https:\/\/diarioregionaldigital.com.br\/wp-content\/uploads\/2018\/12\/fotoh-6-768x512.jpg 768w, https:\/\/diarioregionaldigital.com.br\/wp-content\/uploads\/2018\/12\/fotoh-6-1024x683.jpg 1024w, https:\/\/diarioregionaldigital.com.br\/wp-content\/uploads\/2018\/12\/fotoh-6-360x240.jpg 360w\" sizes=\"auto, (max-width: 680px) 100vw, 680px\" \/><p id=\"caption-attachment-128148\" class=\"wp-caption-text\">Paulo Andrade, Louise Parma, S\u00f4nia Parma e Regina Mirian<\/p><\/div>\n<div id=\"attachment_128149\" style=\"width: 690px\" class=\"wp-caption aligncenter\"><img loading=\"lazy\" decoding=\"async\" aria-describedby=\"caption-attachment-128149\" class=\"wp-image-128149\" src=\"https:\/\/diarioregionaldigital.com.br\/wp-content\/uploads\/2018\/12\/fotoi-5.jpg\" alt=\"\" width=\"680\" height=\"453\" srcset=\"https:\/\/diarioregionaldigital.com.br\/wp-content\/uploads\/2018\/12\/fotoi-5.jpg 5184w, https:\/\/diarioregionaldigital.com.br\/wp-content\/uploads\/2018\/12\/fotoi-5-300x200.jpg 300w, https:\/\/diarioregionaldigital.com.br\/wp-content\/uploads\/2018\/12\/fotoi-5-768x512.jpg 768w, https:\/\/diarioregionaldigital.com.br\/wp-content\/uploads\/2018\/12\/fotoi-5-1024x683.jpg 1024w, https:\/\/diarioregionaldigital.com.br\/wp-content\/uploads\/2018\/12\/fotoi-5-360x240.jpg 360w\" sizes=\"auto, (max-width: 680px) 100vw, 680px\" \/><p id=\"caption-attachment-128149\" class=\"wp-caption-text\">Jorge Luis Macedo, Maria Helena Macedo, C\u00e9lia Maria Silva, Wilson Expedito, Vilma Seabra e Aldair Seabra<\/p><\/div>\n<div id=\"attachment_128150\" style=\"width: 660px\" class=\"wp-caption aligncenter\"><img loading=\"lazy\" decoding=\"async\" aria-describedby=\"caption-attachment-128150\" class=\"wp-image-128150\" src=\"https:\/\/diarioregionaldigital.com.br\/wp-content\/uploads\/2018\/12\/fotoj-5-e1544649116929.jpg\" alt=\"\" width=\"650\" height=\"479\" srcset=\"https:\/\/diarioregionaldigital.com.br\/wp-content\/uploads\/2018\/12\/fotoj-5-e1544649116929.jpg 3448w, https:\/\/diarioregionaldigital.com.br\/wp-content\/uploads\/2018\/12\/fotoj-5-e1544649116929-300x221.jpg 300w, https:\/\/diarioregionaldigital.com.br\/wp-content\/uploads\/2018\/12\/fotoj-5-e1544649116929-768x566.jpg 768w, https:\/\/diarioregionaldigital.com.br\/wp-content\/uploads\/2018\/12\/fotoj-5-e1544649116929-1024x754.jpg 1024w, https:\/\/diarioregionaldigital.com.br\/wp-content\/uploads\/2018\/12\/fotoj-5-e1544649116929-360x265.jpg 360w\" sizes=\"auto, (max-width: 650px) 100vw, 650px\" \/><p id=\"caption-attachment-128150\" class=\"wp-caption-text\">Alessandra Sampaio e Gra\u00e7a Duque Miranda Chaves<\/p><\/div>\n<div id=\"attachment_128152\" style=\"width: 690px\" class=\"wp-caption aligncenter\"><img loading=\"lazy\" decoding=\"async\" aria-describedby=\"caption-attachment-128152\" class=\"wp-image-128152\" src=\"https:\/\/diarioregionaldigital.com.br\/wp-content\/uploads\/2018\/12\/fotom-2-e1544649076624.jpg\" alt=\"\" width=\"680\" height=\"492\" srcset=\"https:\/\/diarioregionaldigital.com.br\/wp-content\/uploads\/2018\/12\/fotom-2-e1544649076624.jpg 3456w, https:\/\/diarioregionaldigital.com.br\/wp-content\/uploads\/2018\/12\/fotom-2-e1544649076624-300x217.jpg 300w, https:\/\/diarioregionaldigital.com.br\/wp-content\/uploads\/2018\/12\/fotom-2-e1544649076624-768x556.jpg 768w, https:\/\/diarioregionaldigital.com.br\/wp-content\/uploads\/2018\/12\/fotom-2-e1544649076624-1024x741.jpg 1024w, https:\/\/diarioregionaldigital.com.br\/wp-content\/uploads\/2018\/12\/fotom-2-e1544649076624-360x261.jpg 360w\" sizes=\"auto, (max-width: 680px) 100vw, 680px\" \/><p id=\"caption-attachment-128152\" class=\"wp-caption-text\">Janete Santos<\/p><\/div>\n<div id=\"attachment_128153\" style=\"width: 690px\" class=\"wp-caption aligncenter\"><img loading=\"lazy\" decoding=\"async\" aria-describedby=\"caption-attachment-128153\" class=\"wp-image-128153\" src=\"https:\/\/diarioregionaldigital.com.br\/wp-content\/uploads\/2018\/12\/foton-3.jpg\" alt=\"\" width=\"680\" height=\"453\" srcset=\"https:\/\/diarioregionaldigital.com.br\/wp-content\/uploads\/2018\/12\/foton-3.jpg 5184w, https:\/\/diarioregionaldigital.com.br\/wp-content\/uploads\/2018\/12\/foton-3-300x200.jpg 300w, https:\/\/diarioregionaldigital.com.br\/wp-content\/uploads\/2018\/12\/foton-3-768x512.jpg 768w, https:\/\/diarioregionaldigital.com.br\/wp-content\/uploads\/2018\/12\/foton-3-1024x683.jpg 1024w, https:\/\/diarioregionaldigital.com.br\/wp-content\/uploads\/2018\/12\/foton-3-360x240.jpg 360w\" sizes=\"auto, (max-width: 680px) 100vw, 680px\" \/><p id=\"caption-attachment-128153\" class=\"wp-caption-text\">Nawall Arbex, Selma Franco, Jane Pancotti<\/p><\/div>\n<div id=\"attachment_128154\" style=\"width: 690px\" class=\"wp-caption aligncenter\"><img loading=\"lazy\" decoding=\"async\" aria-describedby=\"caption-attachment-128154\" class=\"wp-image-128154\" src=\"https:\/\/diarioregionaldigital.com.br\/wp-content\/uploads\/2018\/12\/fotoo-3-e1544649039443.jpg\" alt=\"\" width=\"680\" height=\"472\" srcset=\"https:\/\/diarioregionaldigital.com.br\/wp-content\/uploads\/2018\/12\/fotoo-3-e1544649039443.jpg 754w, https:\/\/diarioregionaldigital.com.br\/wp-content\/uploads\/2018\/12\/fotoo-3-e1544649039443-300x208.jpg 300w, https:\/\/diarioregionaldigital.com.br\/wp-content\/uploads\/2018\/12\/fotoo-3-e1544649039443-360x250.jpg 360w, https:\/\/diarioregionaldigital.com.br\/wp-content\/uploads\/2018\/12\/fotoo-3-e1544649039443-100x70.jpg 100w\" sizes=\"auto, (max-width: 680px) 100vw, 680px\" \/><p id=\"caption-attachment-128154\" class=\"wp-caption-text\">Nawall Arbex, Tizinha Andrade, Lucy Hargreaves e Gra\u00e7a Duque<\/p><\/div>\n","protected":false},"excerpt":{"rendered":"<p>Olha S\u00f3 O Brasil se orgulha de ser um dos pa\u00edses mais religiosos do mundo, sendo que 87% dos brasileiros se dizem frequentadores de uma igreja crist\u00e3. Pelo que sei, esse percentual \u00e9 superado pela Pol\u00f4nia, cuja maioria \u00e9 cat\u00f3lica. Nos EUA 73% s\u00e3o crist\u00e3os e fan\u00e1ticos por Natal. Justa Homenagem Em mem\u00f3ria ao saudoso [&hellip;]<\/p>\n","protected":false},"author":96,"featured_media":128163,"comment_status":"closed","ping_status":"closed","sticky":false,"template":"","format":"standard","meta":{"footnotes":""},"categories":[264],"tags":[],"class_list":["post-128168","post","type-post","status-publish","format-standard","has-post-thumbnail","hentry","category-eduardo-gomes"],"_links":{"self":[{"href":"https:\/\/diarioregionaldigital.com.br\/index.php?rest_route=\/wp\/v2\/posts\/128168","targetHints":{"allow":["GET"]}}],"collection":[{"href":"https:\/\/diarioregionaldigital.com.br\/index.php?rest_route=\/wp\/v2\/posts"}],"about":[{"href":"https:\/\/diarioregionaldigital.com.br\/index.php?rest_route=\/wp\/v2\/types\/post"}],"author":[{"embeddable":true,"href":"https:\/\/diarioregionaldigital.com.br\/index.php?rest_route=\/wp\/v2\/users\/96"}],"replies":[{"embeddable":true,"href":"https:\/\/diarioregionaldigital.com.br\/index.php?rest_route=%2Fwp%2Fv2%2Fcomments&post=128168"}],"version-history":[{"count":0,"href":"https:\/\/diarioregionaldigital.com.br\/index.php?rest_route=\/wp\/v2\/posts\/128168\/revisions"}],"wp:featuredmedia":[{"embeddable":true,"href":"https:\/\/diarioregionaldigital.com.br\/index.php?rest_route=\/wp\/v2\/media\/128163"}],"wp:attachment":[{"href":"https:\/\/diarioregionaldigital.com.br\/index.php?rest_route=%2Fwp%2Fv2%2Fmedia&parent=128168"}],"wp:term":[{"taxonomy":"category","embeddable":true,"href":"https:\/\/diarioregionaldigital.com.br\/index.php?rest_route=%2Fwp%2Fv2%2Fcategories&post=128168"},{"taxonomy":"post_tag","embeddable":true,"href":"https:\/\/diarioregionaldigital.com.br\/index.php?rest_route=%2Fwp%2Fv2%2Ftags&post=128168"}],"curies":[{"name":"wp","href":"https:\/\/api.w.org\/{rel}","templated":true}]}}