{"id":128137,"date":"2018-12-12T10:23:13","date_gmt":"2018-12-12T12:23:13","guid":{"rendered":"https:\/\/diarioregionaldigital.com.br\/?p=128137"},"modified":"2018-12-12T15:26:33","modified_gmt":"2018-12-12T17:26:33","slug":"guarda-municipal-celebra-dez-anos-de-atuacao-em-juiz-de-fora","status":"publish","type":"post","link":"https:\/\/diarioregionaldigital.com.br\/?p=128137","title":{"rendered":"Guarda Municipal celebra dez anos de atua\u00e7\u00e3o em Juiz de Fora"},"content":{"rendered":"<p>Na manh\u00e3 desta quarta-feira, 12, o audit\u00f3rio do Museu Ferrovi\u00e1rio (Avenida Brasil, 2.001 \u2013 Centro) foi palco da cerim\u00f4nia de comemora\u00e7\u00e3o dos dez anos da Guarda Municipal (GM) da Prefeitura de Juiz de Fora (PJF). O evento contou tamb\u00e9m com homenagem \u00e0s entidades e parceiros que colaboram no processo de consolida\u00e7\u00e3o e trabalho da GM (veja abaixo). Al\u00e9m disso, foi realizada a troca simb\u00f3lica das passadeiras, marcando a progress\u00e3o de carreira que toda a tropa teve em novembro deste ano, passando de \u201cGuarda Um\u201d para \u201cDois\u201d.<\/p>\n<p>Durante o evento, o prefeito Ant\u00f4nio Almas anunciou que est\u00e1 em andamento o processo para contrata\u00e7\u00e3o de 24 novos guardas municipais. A previs\u00e3o \u00e9 de que iniciem suas atividades em 2019, fortalecendo a equipe de 93 profissionais que j\u00e1 atua no munic\u00edpio.<\/p>\n<p>Para a comandante da GM, Emilce de Castro, \u201ca institui\u00e7\u00e3o foi marcada com muitas lutas e conquistas ao longo desses anos, e ainda h\u00e1 muito para avan\u00e7ar\u201d. Ela ressaltou que \u201ca publica\u00e7\u00e3o do Estatuto Federal das Guardas Municipais contribuiu muito para o avan\u00e7o da atua\u00e7\u00e3o da corpora\u00e7\u00e3o, e vem ajudando a garantir ainda mais a prote\u00e7\u00e3o sist\u00eamica da popula\u00e7\u00e3o, atrav\u00e9s do patrulhamento preventivo e dos trabalhos sociais desenvolvidos em parceria com diversos \u00f3rg\u00e3os, promovendo a integra\u00e7\u00e3o com a comunidade\u201d.<\/p>\n<p>\u00c0 frente da Secretaria de Seguran\u00e7a Urbana e Cidadania (Sesuc) desde o final de novembro deste ano, o secret\u00e1rio Jos\u00e9 S\u00f3ter de Figueir\u00f4a Neto destacou o reconhecimento que a popula\u00e7\u00e3o de Juiz de Fora oferece \u00e0 institui\u00e7\u00e3o, e os \u201cdesafios que dever\u00e3o ser vencidos, como agregar seguran\u00e7a \u00e0 cidadania, com realiza\u00e7\u00e3o de f\u00f3runs e a\u00e7\u00f5es colaborativas, voltadas especialmente para os jovens, que, muitas vezes, envolvem-se em situa\u00e7\u00f5es de criminalidade\u201d. Outro desafio \u00e9 a instala\u00e7\u00e3o do Sistema \u00danico de Seguran\u00e7a P\u00fablica (Susp) em Juiz de Fora, institu\u00eddo atrav\u00e9s da Lei n\u00ba 13.675, de 11 de junho de 2018, que tem, entre suas finalidades, padronizar informa\u00e7\u00f5es, estat\u00edsticas e procedimentos, visando a integra\u00e7\u00e3o das for\u00e7as de seguran\u00e7a.<\/p>\n<p><b>\u201cAmigos da Guarda\u201d<\/b><\/p>\n<p>O t\u00edtulo de \u201cAmigos da Guarda\u201d foi oferecido aos seguintes homenageados:<\/p>\n<p>&#8211; 4\u00aa Brigada de Infantaria Leve Montanha;<br \/>\n&#8211; 4\u00aa Regi\u00e3o de Pol\u00edcia Militar;<br \/>\n&#8211; 3\u00ba Comando de Bombeiros Militar;<br \/>\n&#8211; 4\u00ba Departamento de Pol\u00edcia Civil;<br \/>\n&#8211; C\u00e2mara Municipal de Juiz de Fora;<br \/>\n&#8211; Departamento da Pol\u00edcia Federal em Juiz de Fora;<br \/>\n&#8211; Pol\u00edcia Rodovi\u00e1ria Federal;<br \/>\n&#8211; Diretoria Regional do Centro de Remanejamento do Sistema Prisional (Ceresp);<br \/>\n&#8211; Secretaria de Administra\u00e7\u00e3o e Recursos Humanos da PJF.<\/p>\n<p>Fonte: Assessoria PJF<\/p>\n","protected":false},"excerpt":{"rendered":"<p>Na manh\u00e3 desta quarta-feira, 12, o audit\u00f3rio do Museu Ferrovi\u00e1rio (Avenida Brasil, 2.001 \u2013 Centro) foi palco da cerim\u00f4nia de comemora\u00e7\u00e3o dos dez anos da Guarda Municipal (GM) da Prefeitura de Juiz de Fora (PJF). O evento contou tamb\u00e9m com homenagem \u00e0s entidades e parceiros que colaboram no processo de consolida\u00e7\u00e3o e trabalho da GM [&hellip;]<\/p>\n","protected":false},"author":96,"featured_media":128138,"comment_status":"closed","ping_status":"closed","sticky":false,"template":"","format":"standard","meta":{"footnotes":""},"categories":[253,436,440,439],"tags":[],"class_list":["post-128137","post","type-post","status-publish","format-standard","has-post-thumbnail","hentry","category-cidade","category-destaque-da-semana","category-destaques-do-dia","category-ultima-hora"],"_links":{"self":[{"href":"https:\/\/diarioregionaldigital.com.br\/index.php?rest_route=\/wp\/v2\/posts\/128137","targetHints":{"allow":["GET"]}}],"collection":[{"href":"https:\/\/diarioregionaldigital.com.br\/index.php?rest_route=\/wp\/v2\/posts"}],"about":[{"href":"https:\/\/diarioregionaldigital.com.br\/index.php?rest_route=\/wp\/v2\/types\/post"}],"author":[{"embeddable":true,"href":"https:\/\/diarioregionaldigital.com.br\/index.php?rest_route=\/wp\/v2\/users\/96"}],"replies":[{"embeddable":true,"href":"https:\/\/diarioregionaldigital.com.br\/index.php?rest_route=%2Fwp%2Fv2%2Fcomments&post=128137"}],"version-history":[{"count":0,"href":"https:\/\/diarioregionaldigital.com.br\/index.php?rest_route=\/wp\/v2\/posts\/128137\/revisions"}],"wp:featuredmedia":[{"embeddable":true,"href":"https:\/\/diarioregionaldigital.com.br\/index.php?rest_route=\/wp\/v2\/media\/128138"}],"wp:attachment":[{"href":"https:\/\/diarioregionaldigital.com.br\/index.php?rest_route=%2Fwp%2Fv2%2Fmedia&parent=128137"}],"wp:term":[{"taxonomy":"category","embeddable":true,"href":"https:\/\/diarioregionaldigital.com.br\/index.php?rest_route=%2Fwp%2Fv2%2Fcategories&post=128137"},{"taxonomy":"post_tag","embeddable":true,"href":"https:\/\/diarioregionaldigital.com.br\/index.php?rest_route=%2Fwp%2Fv2%2Ftags&post=128137"}],"curies":[{"name":"wp","href":"https:\/\/api.w.org\/{rel}","templated":true}]}}