{"id":128132,"date":"2018-12-12T15:17:54","date_gmt":"2018-12-12T17:17:54","guid":{"rendered":"https:\/\/diarioregionaldigital.com.br\/?p=128132"},"modified":"2018-12-12T15:17:54","modified_gmt":"2018-12-12T17:17:54","slug":"cesama-inicia-remodelacao-de-200-metros-de-redes-de-agua-no-bairro-bom-pastor","status":"publish","type":"post","link":"https:\/\/diarioregionaldigital.com.br\/?p=128132","title":{"rendered":"Cesama inicia remodela\u00e7\u00e3o de 200 metros de redes de \u00e1gua no Bairro Bom Pastor"},"content":{"rendered":"<p>Nesta semana, a Companhia de Saneamento Municipal (Cesama) deu in\u00edcio \u00e0 remodela\u00e7\u00e3o de 200 metros de rede de \u00e1gua da Rua Professor Vicente Mazine, no Bairro Bom Pastor. A obra tem como objetivo refor\u00e7ar o abastecimento no local e est\u00e1 focada no trecho entre as ruas Delorme de Carvalho e Osmar Silva. A previs\u00e3o \u00e9 de que a interven\u00e7\u00e3o seja conclu\u00edda at\u00e9 o final deste m\u00eas.<\/p>\n<p>Para a execu\u00e7\u00e3o dos servi\u00e7os, ser\u00e1 preciso interromper o abastecimento das 8 \u00e0s 16 horas, o que poder\u00e1 afetar o fornecimento de \u00e1gua na regi\u00e3o. Al\u00e9m disso, durante esse per\u00edodo, o tr\u00e2nsito na via estar\u00e1 interditado. Assim, a Cesama solicita que, se poss\u00edvel, os moradores retirem seus ve\u00edculos da garagem antes das 8 horas.<\/p>\n<p>As a\u00e7\u00f5es de remodela\u00e7\u00e3o s\u00e3o realizadas ao longo de todo o ano, seguindo programa\u00e7\u00e3o de prioridades, quando \u00e9 avaliada a necessidade de troca. Esta an\u00e1lise leva em conta a antiguidade e o desgaste do material, o fato de o dimensionamento da tubula\u00e7\u00e3o j\u00e1 n\u00e3o ser compat\u00edvel com o n\u00famero de im\u00f3veis atendidos e os transtornos causados aos usu\u00e1rios do sistema, al\u00e9m dos custos de manuten\u00e7\u00e3o.<\/p>\n<p>Fonte: Assessoria PJF<\/p>\n","protected":false},"excerpt":{"rendered":"<p>Nesta semana, a Companhia de Saneamento Municipal (Cesama) deu in\u00edcio \u00e0 remodela\u00e7\u00e3o de 200 metros de rede de \u00e1gua da Rua Professor Vicente Mazine, no Bairro Bom Pastor. A obra tem como objetivo refor\u00e7ar o abastecimento no local e est\u00e1 focada no trecho entre as ruas Delorme de Carvalho e Osmar Silva. A previs\u00e3o \u00e9 [&hellip;]<\/p>\n","protected":false},"author":96,"featured_media":128133,"comment_status":"closed","ping_status":"closed","sticky":false,"template":"","format":"standard","meta":{"footnotes":""},"categories":[253,436,439],"tags":[],"class_list":["post-128132","post","type-post","status-publish","format-standard","has-post-thumbnail","hentry","category-cidade","category-destaque-da-semana","category-ultima-hora"],"_links":{"self":[{"href":"https:\/\/diarioregionaldigital.com.br\/index.php?rest_route=\/wp\/v2\/posts\/128132","targetHints":{"allow":["GET"]}}],"collection":[{"href":"https:\/\/diarioregionaldigital.com.br\/index.php?rest_route=\/wp\/v2\/posts"}],"about":[{"href":"https:\/\/diarioregionaldigital.com.br\/index.php?rest_route=\/wp\/v2\/types\/post"}],"author":[{"embeddable":true,"href":"https:\/\/diarioregionaldigital.com.br\/index.php?rest_route=\/wp\/v2\/users\/96"}],"replies":[{"embeddable":true,"href":"https:\/\/diarioregionaldigital.com.br\/index.php?rest_route=%2Fwp%2Fv2%2Fcomments&post=128132"}],"version-history":[{"count":0,"href":"https:\/\/diarioregionaldigital.com.br\/index.php?rest_route=\/wp\/v2\/posts\/128132\/revisions"}],"wp:featuredmedia":[{"embeddable":true,"href":"https:\/\/diarioregionaldigital.com.br\/index.php?rest_route=\/wp\/v2\/media\/128133"}],"wp:attachment":[{"href":"https:\/\/diarioregionaldigital.com.br\/index.php?rest_route=%2Fwp%2Fv2%2Fmedia&parent=128132"}],"wp:term":[{"taxonomy":"category","embeddable":true,"href":"https:\/\/diarioregionaldigital.com.br\/index.php?rest_route=%2Fwp%2Fv2%2Fcategories&post=128132"},{"taxonomy":"post_tag","embeddable":true,"href":"https:\/\/diarioregionaldigital.com.br\/index.php?rest_route=%2Fwp%2Fv2%2Ftags&post=128132"}],"curies":[{"name":"wp","href":"https:\/\/api.w.org\/{rel}","templated":true}]}}