{"id":128126,"date":"2018-12-12T14:58:21","date_gmt":"2018-12-12T16:58:21","guid":{"rendered":"https:\/\/diarioregionaldigital.com.br\/?p=128126"},"modified":"2018-12-12T14:58:21","modified_gmt":"2018-12-12T16:58:21","slug":"mourao-defende-reforma-tributaria-para-distribuir-melhor-as-receitas","status":"publish","type":"post","link":"https:\/\/diarioregionaldigital.com.br\/?p=128126","title":{"rendered":"Mour\u00e3o defende reforma tribut\u00e1ria para distribuir melhor as receitas"},"content":{"rendered":"<p>O vice-presidente eleito, Hamilton Mour\u00e3o, disse hoje, 12, que \u00e9 preciso reformar o sistema tribut\u00e1rio para melhor distribuir as receitas entre os entes federados, com redu\u00e7\u00e3o do peso do governo federal nessa divis\u00e3o. Ao participar do F\u00f3rum de Governadores, ele disse que a Uni\u00e3o precisa repassar os recursos aos estados para atendimento \u00e0s demandas da popula\u00e7\u00e3o.<\/p>\n<p>\u201cSomos da mais firme opini\u00e3o de que temos de diminuir de forma radical o peso que o governo central tem sobre os demais entes da federa\u00e7\u00e3o, temos de liberar os recursos de forma mais r\u00e1pida poss\u00edvel e redistribuir esses recursos de modo que os estados e o Distrito Federal tenham vida pr\u00f3pria e consigam se organizar da melhor forma poss\u00edvel\u201d, disse Mour\u00e3o.<\/p>\n<p>O vice-presidente eleito disse que tem conversado sobre a quest\u00e3o tribut\u00e1ria com o presidente eleito, Jair Bolsonaro, e o futuro ministro da Economia, Paulo Guedes. \u201cSabemos que temos de passar por um severo ajuste fiscal no \u00e2mbito do governo central e, a partir da\u00ed, tra\u00e7armos as pol\u00edticas que v\u00e3o beneficiar a todos de forma contundente\u201d, destacou.<\/p>\n<h2>Di\u00e1logo<\/h2>\n<p>Segundo Mour\u00e3o, o governo Bolsonaro estar\u00e1 com as portas abertas aos governadores para ajud\u00e1-los na busca de solu\u00e7\u00f5es para os problemas dos estados. \u201cN\u00e3o queremos ser entraves para isso. Estamos abertos a toda e qualquer negocia\u00e7\u00e3o que tiver de ser feita\u201d, disse.<\/p>\n<p>Para Mour\u00e3o, os problemas dos governantes s\u00e3o comuns e est\u00e3o ligados \u00e0s dificuldades do Estado brasileiro de cumprir sua miss\u00e3o. \u201cEm um momento que as demandas sociais s\u00e3o intensas, e todos [estados] vivem uma crise fiscal com as dificuldades inerentes a ela, teremos de buscar solu\u00e7\u00f5es em conjunto para atingir nossos objetivos, que s\u00e3o garantir o bem-estar da popula\u00e7\u00e3o\u201d, disse.<\/p>\n<p>Ao falar tanto para governadores aliados como de oposi\u00e7\u00e3o, Mour\u00e3o disse que o futuro governo ter\u00e1 um modo novo de se relacionar com os entes federados. \u201c\u00c9 um momento importante de mudan\u00e7a na forma de conduzir os destinos da nossa na\u00e7\u00e3o. Faz parte da altern\u00e2ncia democr\u00e1tica. E todos entendem isso\u201d, afirmou. \u201cN\u00e3o tenho d\u00favidas de que o governo central n\u00e3o pode ser mais forte que cada um dos entes federados: somos a soma dos 26 estados e o Distrito Federal.\u201d<\/p>\n<p>Fonte: Ag\u00eancia Brasil<\/p>\n","protected":false},"excerpt":{"rendered":"<p>O vice-presidente eleito, Hamilton Mour\u00e3o, disse hoje, 12, que \u00e9 preciso reformar o sistema tribut\u00e1rio para melhor distribuir as receitas entre os entes federados, com redu\u00e7\u00e3o do peso do governo federal nessa divis\u00e3o. Ao participar do F\u00f3rum de Governadores, ele disse que a Uni\u00e3o precisa repassar os recursos aos estados para atendimento \u00e0s demandas da [&hellip;]<\/p>\n","protected":false},"author":96,"featured_media":97343,"comment_status":"closed","ping_status":"closed","sticky":false,"template":"","format":"standard","meta":{"footnotes":""},"categories":[436,254,439],"tags":[],"class_list":["post-128126","post","type-post","status-publish","format-standard","has-post-thumbnail","hentry","category-destaque-da-semana","category-politica","category-ultima-hora"],"_links":{"self":[{"href":"https:\/\/diarioregionaldigital.com.br\/index.php?rest_route=\/wp\/v2\/posts\/128126","targetHints":{"allow":["GET"]}}],"collection":[{"href":"https:\/\/diarioregionaldigital.com.br\/index.php?rest_route=\/wp\/v2\/posts"}],"about":[{"href":"https:\/\/diarioregionaldigital.com.br\/index.php?rest_route=\/wp\/v2\/types\/post"}],"author":[{"embeddable":true,"href":"https:\/\/diarioregionaldigital.com.br\/index.php?rest_route=\/wp\/v2\/users\/96"}],"replies":[{"embeddable":true,"href":"https:\/\/diarioregionaldigital.com.br\/index.php?rest_route=%2Fwp%2Fv2%2Fcomments&post=128126"}],"version-history":[{"count":0,"href":"https:\/\/diarioregionaldigital.com.br\/index.php?rest_route=\/wp\/v2\/posts\/128126\/revisions"}],"wp:featuredmedia":[{"embeddable":true,"href":"https:\/\/diarioregionaldigital.com.br\/index.php?rest_route=\/wp\/v2\/media\/97343"}],"wp:attachment":[{"href":"https:\/\/diarioregionaldigital.com.br\/index.php?rest_route=%2Fwp%2Fv2%2Fmedia&parent=128126"}],"wp:term":[{"taxonomy":"category","embeddable":true,"href":"https:\/\/diarioregionaldigital.com.br\/index.php?rest_route=%2Fwp%2Fv2%2Fcategories&post=128126"},{"taxonomy":"post_tag","embeddable":true,"href":"https:\/\/diarioregionaldigital.com.br\/index.php?rest_route=%2Fwp%2Fv2%2Ftags&post=128126"}],"curies":[{"name":"wp","href":"https:\/\/api.w.org\/{rel}","templated":true}]}}