{"id":128123,"date":"2018-12-12T14:54:08","date_gmt":"2018-12-12T16:54:08","guid":{"rendered":"https:\/\/diarioregionaldigital.com.br\/?p=128123"},"modified":"2018-12-12T14:54:08","modified_gmt":"2018-12-12T16:54:08","slug":"juiz-nao-deve-expressar-opiniao-pessoal-em-redes-sociais-diz-toffoli","status":"publish","type":"post","link":"https:\/\/diarioregionaldigital.com.br\/?p=128123","title":{"rendered":"Juiz n\u00e3o deve expressar opini\u00e3o pessoal em redes sociais, diz Toffoli"},"content":{"rendered":"<p>O presidente do Supremo Tribunal Federal (STF), ministro Dias Toffoli, disse <span id=\"OBJ_PREFIX_DWT484_com_zimbra_date\" role=\"link\"><span id=\"OBJ_PREFIX_DWT493_com_zimbra_date\" role=\"link\">hoje,<\/span><\/span>12, que, em sua avalia\u00e7\u00e3o, os magistrados brasileiros precisam se resguardar e n\u00e3o devem expressar opini\u00f5es e desejos pessoais publicamente, em especial nas redes sociais.<\/p>\n<p>\u201cEu n\u00e3o me sinto, nem agora como presidente do Supremo, autorizado para falar em nome pessoal [sobre] quest\u00f5es relativas a opini\u00f5es que possa <span id=\"OBJ_PREFIX_DWT485_com_zimbra_date\" role=\"link\"><span id=\"OBJ_PREFIX_DWT494_com_zimbra_date\" role=\"link\">ter<\/span><\/span>, desejos que possa <span id=\"OBJ_PREFIX_DWT486_com_zimbra_date\" role=\"link\"><span id=\"OBJ_PREFIX_DWT495_com_zimbra_date\" role=\"link\">ter<\/span><\/span>. Porque o juiz n\u00e3o pode, \u00e9 um encargo, \u00e9 um \u00f4nus que n\u00f3s temos\u201d, afirmou. \u201cN\u00f3s temos que nos resguardar, n\u00f3s temos que nos preservar, sen\u00e3o perdemos nossa autoridade, simples assim.\u201d<\/p>\n<p>Toffoli acrescentou que por pensar assim n\u00e3o possui nenhum perfil em redes sociais. \u201cEu at\u00e9 <span id=\"OBJ_PREFIX_DWT487_com_zimbra_date\" role=\"link\"><span id=\"OBJ_PREFIX_DWT496_com_zimbra_date\" role=\"link\">hoje<\/span><\/span> nunca o fiz em respeito \u00e0 institui\u00e7\u00e3o que eu integro\u201d, disse. Ao menos dois ministros do Supremo \u2013 Gilmar Mendes e Alexandre de Moraes \u2013 mant\u00eam contas ativas no Twitter.<\/p>\n<p>A manifesta\u00e7\u00e3o do ministro ocorre um dia depois de o Conselho Nacional de Justi\u00e7a (CNJ), presidido por Toffoli, <span id=\"OBJ_PREFIX_DWT497_com_zimbra_date\" role=\"link\">ter<\/span> arquivado, por unanimidade, 12 procedimentos que apuravam manifesta\u00e7\u00f5es feitas em redes sociais por magistrados durante as elei\u00e7\u00f5es<span id=\"OBJ_PREFIX_DWT488_com_zimbra_date\" role=\"link\"> de outubro<\/span>.<\/p>\n<p>O arquivamento foi realizado sob a justificativa de que a norma que disciplina a manifesta\u00e7\u00e3o de magistrados nas redes sociais (provimento 71\/2018), publicada em junho, \u00e9 muito recente, motivo pelo qual seria &#8220;poss\u00edvel que no pleito eleitoral do ano em curso alguns ju\u00edzes n\u00e3o tenham compreendido o alcance das suas limita\u00e7\u00f5es quanto a manifesta\u00e7\u00f5es em redes sociais&#8221;, disse o corregedor-nacional de Justi\u00e7a, Humberto Martins, em seu voto.<\/p>\n<p>Nesta <span id=\"OBJ_PREFIX_DWT490_com_zimbra_date\" role=\"link\"><span id=\"OBJ_PREFIX_DWT499_com_zimbra_date\" role=\"link\">quarta<\/span><\/span>-feira, em evento sobre o tema na Escola Nacional de Forma\u00e7\u00e3o e Aperfei\u00e7oamento de Magistrados do Trabalho (Enamat), Toffoli anunciou que um semin\u00e1rio deve ser realizado no in\u00edcio de 2019 para orientar os magistrados sobre a conduta em redes sociais.<\/p>\n<p>Fonte: Ag\u00eancia Brasil<\/p>\n","protected":false},"excerpt":{"rendered":"<p>O presidente do Supremo Tribunal Federal (STF), ministro Dias Toffoli, disse hoje,12, que, em sua avalia\u00e7\u00e3o, os magistrados brasileiros precisam se resguardar e n\u00e3o devem expressar opini\u00f5es e desejos pessoais publicamente, em especial nas redes sociais. \u201cEu n\u00e3o me sinto, nem agora como presidente do Supremo, autorizado para falar em nome pessoal [sobre] quest\u00f5es relativas [&hellip;]<\/p>\n","protected":false},"author":96,"featured_media":128124,"comment_status":"closed","ping_status":"closed","sticky":false,"template":"","format":"standard","meta":{"footnotes":""},"categories":[436,254,439],"tags":[],"class_list":["post-128123","post","type-post","status-publish","format-standard","has-post-thumbnail","hentry","category-destaque-da-semana","category-politica","category-ultima-hora"],"_links":{"self":[{"href":"https:\/\/diarioregionaldigital.com.br\/index.php?rest_route=\/wp\/v2\/posts\/128123","targetHints":{"allow":["GET"]}}],"collection":[{"href":"https:\/\/diarioregionaldigital.com.br\/index.php?rest_route=\/wp\/v2\/posts"}],"about":[{"href":"https:\/\/diarioregionaldigital.com.br\/index.php?rest_route=\/wp\/v2\/types\/post"}],"author":[{"embeddable":true,"href":"https:\/\/diarioregionaldigital.com.br\/index.php?rest_route=\/wp\/v2\/users\/96"}],"replies":[{"embeddable":true,"href":"https:\/\/diarioregionaldigital.com.br\/index.php?rest_route=%2Fwp%2Fv2%2Fcomments&post=128123"}],"version-history":[{"count":0,"href":"https:\/\/diarioregionaldigital.com.br\/index.php?rest_route=\/wp\/v2\/posts\/128123\/revisions"}],"wp:featuredmedia":[{"embeddable":true,"href":"https:\/\/diarioregionaldigital.com.br\/index.php?rest_route=\/wp\/v2\/media\/128124"}],"wp:attachment":[{"href":"https:\/\/diarioregionaldigital.com.br\/index.php?rest_route=%2Fwp%2Fv2%2Fmedia&parent=128123"}],"wp:term":[{"taxonomy":"category","embeddable":true,"href":"https:\/\/diarioregionaldigital.com.br\/index.php?rest_route=%2Fwp%2Fv2%2Fcategories&post=128123"},{"taxonomy":"post_tag","embeddable":true,"href":"https:\/\/diarioregionaldigital.com.br\/index.php?rest_route=%2Fwp%2Fv2%2Ftags&post=128123"}],"curies":[{"name":"wp","href":"https:\/\/api.w.org\/{rel}","templated":true}]}}