{"id":128119,"date":"2018-12-12T14:49:27","date_gmt":"2018-12-12T16:49:27","guid":{"rendered":"https:\/\/diarioregionaldigital.com.br\/?p=128119"},"modified":"2018-12-12T14:49:27","modified_gmt":"2018-12-12T16:49:27","slug":"alexandre-pires-em-juiz-de-fora","status":"publish","type":"post","link":"https:\/\/diarioregionaldigital.com.br\/?p=128119","title":{"rendered":"Alexandre Pires em Juiz de Fora"},"content":{"rendered":"<p>Que tal relembrar os grandes sucessos dos anos 90 em uma \u00fanica noite? Alexandre Pires chega a Juiz de Fora para uma festa em formato especial. O Baile do N\u00eago V\u00e9io, que est\u00e1 viajando o pa\u00eds, mistura v\u00e1rios estilos musicais [ax\u00e9, pop, pagode, samba e funk] e j\u00e1 tem data marcada na cidade: sexta, 14 de dezembro no Capit\u00f3lio, com tr\u00eas horas de dura\u00e7\u00e3o e muitas surpresas.<\/p>\n<p>Uma superestrutura de palco para cantar e dan\u00e7ar com os hits que marcaram a d\u00e9cada: \u201cEvid\u00eancias\u201d [de Chit\u00e3ozinho e Xoror\u00f3], \u201cO Canto da Cidade\u201d [Daniela Mercury], \u201cLiberar Geral\u201d [Terra Samba], \u201cCheia de Mania\u201d [Ra\u00e7a Negra], \u201cMe Apaixonei Pela Pessoa Errada\u201d [Exaltasamba], \u201cAra Ketu Bom Demais\u201d [Ara Ketu], Beijo Geladinho [Negritude J\u00fanior] e \u201cQuero te Encontrar\/S\u00f3 Love\u201d [Claudinho e Buchecha] s\u00e3o algumas m\u00fasicas que est\u00e3o no repert\u00f3rio do baile, al\u00e9m de sucessos do S\u00f3 Pra Contrariar, grupo que revelou o nome do cantor para todo o Brasil.<\/p>\n<p>Tamb\u00e9m na noite, dois conhecidos e habitu\u00e9s dos eventos mais animados da regi\u00e3o: o Grupo Alquimia (que vem conquistando cada vez mais p\u00fablico) leva o seu som empolgante e vibrante na abertura da festa; e para encerrar, DJ Morango \u2013 embaixador do funk por aqui \u2013 solta o batid\u00e3o com os remixes para quem pretende ficar at\u00e9 o fim da balada. \u00c9 um show para cantar junto, se jogar e curtir muito. #SegueOBaile<\/p>\n<p>. . . . .<\/p>\n<p>ATRA\u00c7\u00d5ES CONFIRMADAS<\/p>\n<p>ALEXANDRE PIRES [3 horas de show]<\/p>\n<p>GRUPO ALQUIMIA [abertura]<\/p>\n<p>DJ MORANGO [encerramento]<\/p>\n<p>________<\/p>\n<p>Data: sexta, 14 de dezembro de 2018<\/p>\n<p>Hor\u00e1rio de abertura: 22h<\/p>\n<p>Local: Capit\u00f3lio<\/p>\n<p>Endere\u00e7o: Avenida Deusdedith Salgado, 4088 \u2013 Juiz de Fora &#8211; MG<\/p>\n<p>Realiza\u00e7\u00e3o: Front Produ\u00e7\u00f5es<\/p>\n<p>______<\/p>\n<p>INGRESSOS<\/p>\n<p>&#8211; PISTA: R$ 40 [meia] \u2013 R$ 50 [promocional] \u2013 R$ 80 [inteira]<\/p>\n<p>&#8211; \u00c1REA VIP [front stage]: R$ 70 [meia] \u2013 R$ 85 [promocional] \u2013 R$ 140 [inteira]<\/p>\n<p>&#8211; CAMAROTE OPEN BAR AL\u00d4 [front stage + open bar]: R$ 150<\/p>\n<p>Open bar: vodka | gin | cerveja | \u00e1gua t\u00f4nica | refrigerante e \u00e1gua<\/p>\n<p>&#8211; Somente o Camarote Open Bar Al\u00f4 ter\u00e1 a modalidade open bar;<\/p>\n<p>&#8211; Ingresso promocional v\u00e1lido mediante doa\u00e7\u00e3o de 1kg de alimento n\u00e3o-perec\u00edvel na entrada do evento;<\/p>\n<p>&#8211; Valores sujeitos \u00e0 altera\u00e7\u00e3o sem aviso pr\u00e9vio;<\/p>\n<p>Pontos de venda:<\/p>\n<p>&#8211; Stand [Rua Mister Moore]<\/p>\n<p>&#8211; Z\u00e9 Kodak (Shopping Jardim Norte, Independ\u00eancia Shopping e Rua Halfeld, 608) VENDA ONLINE: https:\/\/www.ticketplay.com.br\/baile-do-nego-veio\/<\/p>\n<p>. . .<\/p>\n<p>INFORMA\u00c7\u00d5ES: (32) 3215-3002<\/p>\n<p>Classifica\u00e7\u00e3o: 18 anos<\/p>\n<p>Fonte: Assessoria<\/p>\n","protected":false},"excerpt":{"rendered":"<p>Que tal relembrar os grandes sucessos dos anos 90 em uma \u00fanica noite? Alexandre Pires chega a Juiz de Fora para uma festa em formato especial. O Baile do N\u00eago V\u00e9io, que est\u00e1 viajando o pa\u00eds, mistura v\u00e1rios estilos musicais [ax\u00e9, pop, pagode, samba e funk] e j\u00e1 tem data marcada na cidade: sexta, 14 [&hellip;]<\/p>\n","protected":false},"author":96,"featured_media":128120,"comment_status":"closed","ping_status":"closed","sticky":false,"template":"","format":"standard","meta":{"footnotes":""},"categories":[256],"tags":[],"class_list":["post-128119","post","type-post","status-publish","format-standard","has-post-thumbnail","hentry","category-cultura"],"_links":{"self":[{"href":"https:\/\/diarioregionaldigital.com.br\/index.php?rest_route=\/wp\/v2\/posts\/128119","targetHints":{"allow":["GET"]}}],"collection":[{"href":"https:\/\/diarioregionaldigital.com.br\/index.php?rest_route=\/wp\/v2\/posts"}],"about":[{"href":"https:\/\/diarioregionaldigital.com.br\/index.php?rest_route=\/wp\/v2\/types\/post"}],"author":[{"embeddable":true,"href":"https:\/\/diarioregionaldigital.com.br\/index.php?rest_route=\/wp\/v2\/users\/96"}],"replies":[{"embeddable":true,"href":"https:\/\/diarioregionaldigital.com.br\/index.php?rest_route=%2Fwp%2Fv2%2Fcomments&post=128119"}],"version-history":[{"count":0,"href":"https:\/\/diarioregionaldigital.com.br\/index.php?rest_route=\/wp\/v2\/posts\/128119\/revisions"}],"wp:featuredmedia":[{"embeddable":true,"href":"https:\/\/diarioregionaldigital.com.br\/index.php?rest_route=\/wp\/v2\/media\/128120"}],"wp:attachment":[{"href":"https:\/\/diarioregionaldigital.com.br\/index.php?rest_route=%2Fwp%2Fv2%2Fmedia&parent=128119"}],"wp:term":[{"taxonomy":"category","embeddable":true,"href":"https:\/\/diarioregionaldigital.com.br\/index.php?rest_route=%2Fwp%2Fv2%2Fcategories&post=128119"},{"taxonomy":"post_tag","embeddable":true,"href":"https:\/\/diarioregionaldigital.com.br\/index.php?rest_route=%2Fwp%2Fv2%2Ftags&post=128119"}],"curies":[{"name":"wp","href":"https:\/\/api.w.org\/{rel}","templated":true}]}}