{"id":128116,"date":"2018-12-12T14:39:31","date_gmt":"2018-12-12T16:39:31","guid":{"rendered":"https:\/\/diarioregionaldigital.com.br\/?p=128116"},"modified":"2018-12-12T14:39:31","modified_gmt":"2018-12-12T16:39:31","slug":"cni-preve-crescimento-de-27-da-economia-em-2019","status":"publish","type":"post","link":"https:\/\/diarioregionaldigital.com.br\/?p=128116","title":{"rendered":"CNI prev\u00ea crescimento de 2,7% da economia em 2019"},"content":{"rendered":"<p>A economia brasileira crescer\u00e1 2,7% no pr\u00f3ximo ano, de acordo com estimativa da edi\u00e7\u00e3o especial do Informe Conjuntural \u2013 Economia Brasileira, que a Confedera\u00e7\u00e3o Nacional da Ind\u00fastria (CNI) divulgou hoje, 12.<\/p>\n<p>Segundo a CNI, essa expans\u00e3o ser\u00e1 impulsionada pelo crescimento de 3% da ind\u00fastria e de 6,5% do investimento. O consumo das fam\u00edlias aumentar\u00e1 2,9% em 2019.<\/p>\n<p>No entanto, diz a confedera\u00e7\u00e3o, esse cen\u00e1rio s\u00f3 se confirmar\u00e1 se o governo eleito fizer o ajuste duradouro nas contas p\u00fablicas, avan\u00e7ar nas reformas estruturantes, como a previdenci\u00e1ria e a tribut\u00e1ria, e adotar medidas para melhorar o ambiente de neg\u00f3cios, entre as quais est\u00e3o a desburocratiza\u00e7\u00e3o.<\/p>\n<h2>Desemprego e infla\u00e7\u00e3o<\/h2>\n<p>A previs\u00e3o da CNI indica que a taxa de desemprego do pa\u00eds cair\u00e1 para 11,4%, a infla\u00e7\u00e3o ficar\u00e1 em 4,1%, a taxa b\u00e1sica de juros, a Selic, alcan\u00e7ar\u00e1 7,5% ao ano no fim de 2019 e a cota\u00e7\u00e3o m\u00e9dia do d\u00f3lar ser\u00e1 de R$ 3,78. A balan\u00e7a comercial fechar\u00e1 2019 com um saldo positivo de US$ 45 bilh\u00f5es. A d\u00edvida p\u00fablica continuar\u00e1 subindo e alcan\u00e7ar\u00e1 79,5% do Produto Interno Bruto (PIB, soma das riquezas produzidas no pa\u00eds).<\/p>\n<p>A CNI aponta que um risco \u00e9 se o pa\u00eds optar por reformas limitadas ou incompletas, o que levar\u00e1 a redu\u00e7\u00e3o da confian\u00e7a dos empres\u00e1rios e consumidores. Segundo a confedera\u00e7\u00e3o, o pior, no entanto, \u00e9 o adiamento ou a op\u00e7\u00e3o por n\u00e3o fazer as reformas. \u201cEssa situa\u00e7\u00e3o poder\u00e1 ter um afeito devastador na confian\u00e7a dos agentes, causando r\u00e1pida deteriora\u00e7\u00e3o dos indicadores de risco-pa\u00eds, ativos financeiros e taxa de c\u00e2mbio, com reflexos na taxa de juros dom\u00e9stica. Nesta situa\u00e7\u00e3o, seria poss\u00edvel at\u00e9 mesmo o retorno do quadro de recess\u00e3o que marcou o meio da d\u00e9cada atual\u201d.<\/p>\n<p>Para a CNI, o adiamento das reformas foi um dos fatores que prejudicou o desempenho da economia e da ind\u00fastria neste ano. O Informe Conjuntural lembra que o crescimento de 2018 ficou aqu\u00e9m do estimado no fim de 2017. O PIB do pa\u00eds deve fechar o ano com crescimento de 1,3%, abaixo dos 2,6% previstos inicialmente. O PIB da ind\u00fastria deve crescer 1,3%, menos do que os 3% estimados no in\u00edcio do ano.<\/p>\n<p>Al\u00e9m do adiamento das reformas, sobretudo a da Previd\u00eancia, o estudo lembra que as incertezas sobre as elei\u00e7\u00f5es, a greve que paralisou os transportes no pa\u00eds e o desemprego elevado prejudicaram a recupera\u00e7\u00e3o da atividade econ\u00f4mica em 2018. Esses fatos impediram que a infla\u00e7\u00e3o baixa e a queda dos juros tivessem um efeito mais positivo sobre a economia, diz a CNI.<\/p>\n","protected":false},"excerpt":{"rendered":"<p>A economia brasileira crescer\u00e1 2,7% no pr\u00f3ximo ano, de acordo com estimativa da edi\u00e7\u00e3o especial do Informe Conjuntural \u2013 Economia Brasileira, que a Confedera\u00e7\u00e3o Nacional da Ind\u00fastria (CNI) divulgou hoje, 12. Segundo a CNI, essa expans\u00e3o ser\u00e1 impulsionada pelo crescimento de 3% da ind\u00fastria e de 6,5% do investimento. O consumo das fam\u00edlias aumentar\u00e1 2,9% [&hellip;]<\/p>\n","protected":false},"author":96,"featured_media":128117,"comment_status":"closed","ping_status":"closed","sticky":false,"template":"","format":"standard","meta":{"footnotes":""},"categories":[436,261,439],"tags":[],"class_list":["post-128116","post","type-post","status-publish","format-standard","has-post-thumbnail","hentry","category-destaque-da-semana","category-economia","category-ultima-hora"],"_links":{"self":[{"href":"https:\/\/diarioregionaldigital.com.br\/index.php?rest_route=\/wp\/v2\/posts\/128116","targetHints":{"allow":["GET"]}}],"collection":[{"href":"https:\/\/diarioregionaldigital.com.br\/index.php?rest_route=\/wp\/v2\/posts"}],"about":[{"href":"https:\/\/diarioregionaldigital.com.br\/index.php?rest_route=\/wp\/v2\/types\/post"}],"author":[{"embeddable":true,"href":"https:\/\/diarioregionaldigital.com.br\/index.php?rest_route=\/wp\/v2\/users\/96"}],"replies":[{"embeddable":true,"href":"https:\/\/diarioregionaldigital.com.br\/index.php?rest_route=%2Fwp%2Fv2%2Fcomments&post=128116"}],"version-history":[{"count":0,"href":"https:\/\/diarioregionaldigital.com.br\/index.php?rest_route=\/wp\/v2\/posts\/128116\/revisions"}],"wp:featuredmedia":[{"embeddable":true,"href":"https:\/\/diarioregionaldigital.com.br\/index.php?rest_route=\/wp\/v2\/media\/128117"}],"wp:attachment":[{"href":"https:\/\/diarioregionaldigital.com.br\/index.php?rest_route=%2Fwp%2Fv2%2Fmedia&parent=128116"}],"wp:term":[{"taxonomy":"category","embeddable":true,"href":"https:\/\/diarioregionaldigital.com.br\/index.php?rest_route=%2Fwp%2Fv2%2Fcategories&post=128116"},{"taxonomy":"post_tag","embeddable":true,"href":"https:\/\/diarioregionaldigital.com.br\/index.php?rest_route=%2Fwp%2Fv2%2Ftags&post=128116"}],"curies":[{"name":"wp","href":"https:\/\/api.w.org\/{rel}","templated":true}]}}