{"id":128114,"date":"2018-12-12T14:36:32","date_gmt":"2018-12-12T16:36:32","guid":{"rendered":"https:\/\/diarioregionaldigital.com.br\/?p=128114"},"modified":"2018-12-12T14:36:32","modified_gmt":"2018-12-12T16:36:32","slug":"inscricoes-para-o-prouni-comecam-no-fim-de-janeiro","status":"publish","type":"post","link":"https:\/\/diarioregionaldigital.com.br\/?p=128114","title":{"rendered":"Inscri\u00e7\u00f5es para o Prouni come\u00e7am no fim de janeiro"},"content":{"rendered":"<p>As inscri\u00e7\u00f5es para a primeira edi\u00e7\u00e3o do Programa Universidade para Todos (Prouni) 2019 come\u00e7am no dia 29 de janeiro e terminam em 1\u00ba de fevereiro. O edital foi publicado pelo Minist\u00e9rio da Educa\u00e7\u00e3o nessa segunda-feira, 10. A divulga\u00e7\u00e3o do resultado est\u00e1 prevista para o dia 4 de fevereiro de 2019.<\/p>\n<p>As inscri\u00e7\u00f5es devem ser feitas pelo site\u00a0<a href=\"http:\/\/siteprouni.mec.gov.br\/\">http:\/\/siteprouni.mec.gov.br<\/a>. Podem se inscrever os brasileiros que n\u00e3o tenham diploma de curso superior,\u00a0mas que tenham participado do Exame Nacional do Ensino M\u00e9dio (Enem) 2018.\u00a0<span data-ccp-props=\"{&quot;201341983&quot;:0,&quot;335559739&quot;:160,&quot;335559740&quot;:259}\">\u00a0<\/span><\/p>\n<p>Al\u00e9m disso, o estudante precisa cumprir pelo menos um dos requisitos exigidos: ter cursado o ensino m\u00e9dio completo em escola p\u00fablica, ou em institui\u00e7\u00e3o privada como bolsista integral; ou possuir alguma defici\u00eancia, ser professor da rede p\u00fablica ou estar enquadrado no perfil de renda exigido pelo programa.<span data-ccp-props=\"{&quot;201341983&quot;:0,&quot;335559739&quot;:160,&quot;335559740&quot;:259}\">\u00a0<\/span><\/p>\n<p>Com o\u00a0Prouni, estudantes t\u00eam a oportunidade de conseguir bolsas de estudo integrais e parciais (50%) em cursos de gradua\u00e7\u00e3o de institui\u00e7\u00f5es privadas de ensino superior. O benef\u00edcio integral \u00e9 destinado a quem tem renda familiar per capita de at\u00e9 1,5 sal\u00e1rio m\u00ednimo. J\u00e1 as bolsas parciais contemplaram os candidatos que t\u00eam renda de at\u00e9 3 sal\u00e1rios m\u00ednimos.<span data-ccp-props=\"{&quot;201341983&quot;:0,&quot;335559739&quot;:160,&quot;335559740&quot;:259}\">\u00a0<\/span><\/p>\n<p>Fonte: <a href=\"http:\/\/portal.mec.gov.br\/\" data-tippreview-enabled=\"false\" data-tippreview-image=\"\" data-tippreview-title=\"\">Minist\u00e9rio da Educa\u00e7\u00e3o<\/a><span data-ccp-props=\"{&quot;201341983&quot;:0,&quot;335559739&quot;:160,&quot;335559740&quot;:259}\"><a href=\"http:\/\/portal.mec.gov.br\/\" data-tippreview-enabled=\"false\" data-tippreview-image=\"\" data-tippreview-title=\"\">\u00a0<\/a><\/span><\/p>\n","protected":false},"excerpt":{"rendered":"<p>As inscri\u00e7\u00f5es para a primeira edi\u00e7\u00e3o do Programa Universidade para Todos (Prouni) 2019 come\u00e7am no dia 29 de janeiro e terminam em 1\u00ba de fevereiro. O edital foi publicado pelo Minist\u00e9rio da Educa\u00e7\u00e3o nessa segunda-feira, 10. A divulga\u00e7\u00e3o do resultado est\u00e1 prevista para o dia 4 de fevereiro de 2019. As inscri\u00e7\u00f5es devem ser feitas [&hellip;]<\/p>\n","protected":false},"author":96,"featured_media":109753,"comment_status":"closed","ping_status":"closed","sticky":false,"template":"","format":"standard","meta":{"footnotes":""},"categories":[302,436,439],"tags":[],"class_list":["post-128114","post","type-post","status-publish","format-standard","has-post-thumbnail","hentry","category-brasil-mundo","category-destaque-da-semana","category-ultima-hora"],"_links":{"self":[{"href":"https:\/\/diarioregionaldigital.com.br\/index.php?rest_route=\/wp\/v2\/posts\/128114","targetHints":{"allow":["GET"]}}],"collection":[{"href":"https:\/\/diarioregionaldigital.com.br\/index.php?rest_route=\/wp\/v2\/posts"}],"about":[{"href":"https:\/\/diarioregionaldigital.com.br\/index.php?rest_route=\/wp\/v2\/types\/post"}],"author":[{"embeddable":true,"href":"https:\/\/diarioregionaldigital.com.br\/index.php?rest_route=\/wp\/v2\/users\/96"}],"replies":[{"embeddable":true,"href":"https:\/\/diarioregionaldigital.com.br\/index.php?rest_route=%2Fwp%2Fv2%2Fcomments&post=128114"}],"version-history":[{"count":0,"href":"https:\/\/diarioregionaldigital.com.br\/index.php?rest_route=\/wp\/v2\/posts\/128114\/revisions"}],"wp:featuredmedia":[{"embeddable":true,"href":"https:\/\/diarioregionaldigital.com.br\/index.php?rest_route=\/wp\/v2\/media\/109753"}],"wp:attachment":[{"href":"https:\/\/diarioregionaldigital.com.br\/index.php?rest_route=%2Fwp%2Fv2%2Fmedia&parent=128114"}],"wp:term":[{"taxonomy":"category","embeddable":true,"href":"https:\/\/diarioregionaldigital.com.br\/index.php?rest_route=%2Fwp%2Fv2%2Fcategories&post=128114"},{"taxonomy":"post_tag","embeddable":true,"href":"https:\/\/diarioregionaldigital.com.br\/index.php?rest_route=%2Fwp%2Fv2%2Ftags&post=128114"}],"curies":[{"name":"wp","href":"https:\/\/api.w.org\/{rel}","templated":true}]}}