{"id":128111,"date":"2018-12-12T14:31:26","date_gmt":"2018-12-12T16:31:26","guid":{"rendered":"https:\/\/diarioregionaldigital.com.br\/?p=128111"},"modified":"2018-12-12T14:31:26","modified_gmt":"2018-12-12T16:31:26","slug":"com-36-mi-de-toneladas-producao-de-cafe-e-a-maior-da-historia-aponta-ibge","status":"publish","type":"post","link":"https:\/\/diarioregionaldigital.com.br\/?p=128111","title":{"rendered":"Com 3,6 mi de toneladas, produ\u00e7\u00e3o de caf\u00e9 \u00e9 a maior da hist\u00f3ria, aponta IBGE"},"content":{"rendered":"<p>A produ\u00e7\u00e3o brasileira de caf\u00e9 este ano dever\u00e1 bater recorde da s\u00e9rie hist\u00f3rica do Instituto Brasileiro de Geografia e Estat\u00edstica (IBGE). Ao todo, o Pa\u00eds produziu\u00a03,6 milh\u00f5es de toneladas do gr\u00e3o, o equivalente a\u00a059,6 milh\u00f5es de sacas de 60 kg &#8211; um aumento de 1,7% em rela\u00e7\u00e3o ao m\u00eas anterior.<\/p>\n<p>De acordo com o instituto, a produ\u00e7\u00e3o estimada do caf\u00e9 ar\u00e1bica\u00a0foi de 2,7 milh\u00f5es de toneladas, registrando um crescimento de 2,5% em rela\u00e7\u00e3o ao m\u00eas anterior. Se comparado a 2017,\u00a0a produ\u00e7\u00e3o apresentou alta de 28,2%.\u00a0O IBGE aponta ainda que Minas Gerais deve figurar como o maior produtor da variedade no Pa\u00eds, com 1,9 milh\u00e3o de toneladas, uma participa\u00e7\u00e3o de 70,2% do total produzido.<\/p>\n<p>J\u00e1 o caf\u00e9\u00a0canephora apresentou redu\u00e7\u00e3o de 0,5% comparado ao m\u00eas anterior, com estimativa de\u00a0888,6 mil toneladas. Em rela\u00e7\u00e3o ao ano passado, houve crescimento de 30,4%. Os aumentos mais consider\u00e1veis dessa variedade foram informados pelos estados do Esp\u00edrito Santo (53,0%) e Bahia (15,7%).<\/p>\n<p>FONTE: Governo do Brasil, com informa\u00e7\u00f5es do<a href=\"https:\/\/agenciadenoticias.ibge.gov.br\/agencia-sala-de-imprensa\/2013-agencia-de-noticias\/releases\/23359-ibge-preve-safra-de-graos-1-7-maior-em-2019\">\u00a0IBGE<\/a><\/p>\n","protected":false},"excerpt":{"rendered":"<p>A produ\u00e7\u00e3o brasileira de caf\u00e9 este ano dever\u00e1 bater recorde da s\u00e9rie hist\u00f3rica do Instituto Brasileiro de Geografia e Estat\u00edstica (IBGE). Ao todo, o Pa\u00eds produziu\u00a03,6 milh\u00f5es de toneladas do gr\u00e3o, o equivalente a\u00a059,6 milh\u00f5es de sacas de 60 kg &#8211; um aumento de 1,7% em rela\u00e7\u00e3o ao m\u00eas anterior. De acordo com o instituto, [&hellip;]<\/p>\n","protected":false},"author":96,"featured_media":128112,"comment_status":"closed","ping_status":"closed","sticky":false,"template":"","format":"standard","meta":{"footnotes":""},"categories":[436,261,439],"tags":[],"class_list":["post-128111","post","type-post","status-publish","format-standard","has-post-thumbnail","hentry","category-destaque-da-semana","category-economia","category-ultima-hora"],"_links":{"self":[{"href":"https:\/\/diarioregionaldigital.com.br\/index.php?rest_route=\/wp\/v2\/posts\/128111","targetHints":{"allow":["GET"]}}],"collection":[{"href":"https:\/\/diarioregionaldigital.com.br\/index.php?rest_route=\/wp\/v2\/posts"}],"about":[{"href":"https:\/\/diarioregionaldigital.com.br\/index.php?rest_route=\/wp\/v2\/types\/post"}],"author":[{"embeddable":true,"href":"https:\/\/diarioregionaldigital.com.br\/index.php?rest_route=\/wp\/v2\/users\/96"}],"replies":[{"embeddable":true,"href":"https:\/\/diarioregionaldigital.com.br\/index.php?rest_route=%2Fwp%2Fv2%2Fcomments&post=128111"}],"version-history":[{"count":0,"href":"https:\/\/diarioregionaldigital.com.br\/index.php?rest_route=\/wp\/v2\/posts\/128111\/revisions"}],"wp:featuredmedia":[{"embeddable":true,"href":"https:\/\/diarioregionaldigital.com.br\/index.php?rest_route=\/wp\/v2\/media\/128112"}],"wp:attachment":[{"href":"https:\/\/diarioregionaldigital.com.br\/index.php?rest_route=%2Fwp%2Fv2%2Fmedia&parent=128111"}],"wp:term":[{"taxonomy":"category","embeddable":true,"href":"https:\/\/diarioregionaldigital.com.br\/index.php?rest_route=%2Fwp%2Fv2%2Fcategories&post=128111"},{"taxonomy":"post_tag","embeddable":true,"href":"https:\/\/diarioregionaldigital.com.br\/index.php?rest_route=%2Fwp%2Fv2%2Ftags&post=128111"}],"curies":[{"name":"wp","href":"https:\/\/api.w.org\/{rel}","templated":true}]}}