{"id":128095,"date":"2018-12-12T11:44:59","date_gmt":"2018-12-12T13:44:59","guid":{"rendered":"https:\/\/diarioregionaldigital.com.br\/?p=128095"},"modified":"2018-12-12T11:44:59","modified_gmt":"2018-12-12T13:44:59","slug":"blitz-fiscaliza-postos-de-combustiveis-em-juiz-de-fora","status":"publish","type":"post","link":"https:\/\/diarioregionaldigital.com.br\/?p=128095","title":{"rendered":"Blitz fiscaliza postos de combust\u00edveis em Juiz de Fora"},"content":{"rendered":"<p>Nesta semana, est\u00e1 acontecendo uma blitz de fiscaliza\u00e7\u00e3o nos postos de combust\u00edveis em Juiz de Fora. A a\u00e7\u00e3o \u00e9 liderada por cinco fiscais do Conselho Regional de Engenharia e Agronomia de Minas Gerais (Crea-Minas). A meta \u00e9 visitar cerca de 75 estabelecimentos.<\/p>\n<p>O objetivo principal da blitz \u00e9 refor\u00e7ar as fiscaliza\u00e7\u00f5es de rotina que s\u00e3o realizadas pelas inspetorias.<\/p>\n<p>A fiscaliza\u00e7\u00e3o do Conselho \u00e9 focada no exerc\u00edcio profissional da engenharia, agronomia, geologia, geografia e meteorologia, conforme prev\u00ea a Lei Federal 5.194\/1966.<\/p>\n<p>Ao final do processo de fiscaliza\u00e7\u00e3o, caso haja irregularidades, ser\u00e1 lavrado auto de infra\u00e7\u00e3o.<\/p>\n","protected":false},"excerpt":{"rendered":"<p>Nesta semana, est\u00e1 acontecendo uma blitz de fiscaliza\u00e7\u00e3o nos postos de combust\u00edveis em Juiz de Fora. A a\u00e7\u00e3o \u00e9 liderada por cinco fiscais do Conselho Regional de Engenharia e Agronomia de Minas Gerais (Crea-Minas). A meta \u00e9 visitar cerca de 75 estabelecimentos. O objetivo principal da blitz \u00e9 refor\u00e7ar as fiscaliza\u00e7\u00f5es de rotina que s\u00e3o [&hellip;]<\/p>\n","protected":false},"author":96,"featured_media":0,"comment_status":"closed","ping_status":"closed","sticky":false,"template":"","format":"standard","meta":{"footnotes":""},"categories":[253,439],"tags":[],"class_list":["post-128095","post","type-post","status-publish","format-standard","hentry","category-cidade","category-ultima-hora"],"_links":{"self":[{"href":"https:\/\/diarioregionaldigital.com.br\/index.php?rest_route=\/wp\/v2\/posts\/128095","targetHints":{"allow":["GET"]}}],"collection":[{"href":"https:\/\/diarioregionaldigital.com.br\/index.php?rest_route=\/wp\/v2\/posts"}],"about":[{"href":"https:\/\/diarioregionaldigital.com.br\/index.php?rest_route=\/wp\/v2\/types\/post"}],"author":[{"embeddable":true,"href":"https:\/\/diarioregionaldigital.com.br\/index.php?rest_route=\/wp\/v2\/users\/96"}],"replies":[{"embeddable":true,"href":"https:\/\/diarioregionaldigital.com.br\/index.php?rest_route=%2Fwp%2Fv2%2Fcomments&post=128095"}],"version-history":[{"count":0,"href":"https:\/\/diarioregionaldigital.com.br\/index.php?rest_route=\/wp\/v2\/posts\/128095\/revisions"}],"wp:attachment":[{"href":"https:\/\/diarioregionaldigital.com.br\/index.php?rest_route=%2Fwp%2Fv2%2Fmedia&parent=128095"}],"wp:term":[{"taxonomy":"category","embeddable":true,"href":"https:\/\/diarioregionaldigital.com.br\/index.php?rest_route=%2Fwp%2Fv2%2Fcategories&post=128095"},{"taxonomy":"post_tag","embeddable":true,"href":"https:\/\/diarioregionaldigital.com.br\/index.php?rest_route=%2Fwp%2Fv2%2Ftags&post=128095"}],"curies":[{"name":"wp","href":"https:\/\/api.w.org\/{rel}","templated":true}]}}