{"id":128093,"date":"2018-12-12T11:30:47","date_gmt":"2018-12-12T13:30:47","guid":{"rendered":"https:\/\/diarioregionaldigital.com.br\/?p=128093"},"modified":"2018-12-12T11:30:47","modified_gmt":"2018-12-12T13:30:47","slug":"lei-que-garante-passe-livre-para-idosos-nao-e-cumprida","status":"publish","type":"post","link":"https:\/\/diarioregionaldigital.com.br\/?p=128093","title":{"rendered":"Lei que garante passe livre para idosos n\u00e3o \u00e9 cumprida"},"content":{"rendered":"<p>Para o Conselho Estadual dos Direitos da Pessoa Idosa, a oferta do passe livre para as pessoas com mais de 60 anos, garantida por lei, tem sido descumprida pelas empresas de transporte. A regularidade do benef\u00edcio e a fiscaliza\u00e7\u00e3o da sua concess\u00e3o foram defendidas em audi\u00eancia p\u00fablica da Comiss\u00e3o de Participa\u00e7\u00e3o Popular, nessa ter\u00e7a-feira, 11, na Assembleia Legislativa de Minas Gerais (ALMG).<\/p>\n<p>O presidente do Conselho Estadual da Pessoa Idosa, Rodrigo Caetano Arantes, afirma que as empresas do transporte coletivo n\u00e3o t\u00eam cumprido o artigo 40 do estatuto do idoso, que determina a reserva de duas vagas gratuitas por ve\u00edculo para pessoas com mais de 60 anos e, se essa cota j\u00e1 estiver preenchida, deve-se conceder o desconto de 50%, no m\u00ednimo, no valor do bilhete. A gratuidade \u00e9 concedida no transporte interestadual aos que possuem renda igual ou inferior a dois sal\u00e1rios-m\u00ednimos.<\/p>\n<p>Tamb\u00e9m Leandro Faria Campos, presidente do Conselho Municipal dos Idosos de Belo Horizonte, exigiu o pleno cumprimento da legisla\u00e7\u00e3o federal. De acordo com ele, o conselho recebe com frequ\u00eancia den\u00fancias de idosos a respeito do descumprimento da norma. Ele explica que a mobilidade da pessoa idosa \u00e9 fundamental para que ela possa dar continuidade, sobretudo, aos seus la\u00e7os familiares. \u201cO isolamento social dessa popula\u00e7\u00e3o decorre justamente dos empecilhos para transitarem\u201d, enfatiza.<\/p>\n<p><em>Fonte: Assessoria<\/em><\/p>\n","protected":false},"excerpt":{"rendered":"<p>Para o Conselho Estadual dos Direitos da Pessoa Idosa, a oferta do passe livre para as pessoas com mais de 60 anos, garantida por lei, tem sido descumprida pelas empresas de transporte. A regularidade do benef\u00edcio e a fiscaliza\u00e7\u00e3o da sua concess\u00e3o foram defendidas em audi\u00eancia p\u00fablica da Comiss\u00e3o de Participa\u00e7\u00e3o Popular, nessa ter\u00e7a-feira, 11, [&hellip;]<\/p>\n","protected":false},"author":96,"featured_media":95105,"comment_status":"closed","ping_status":"closed","sticky":false,"template":"","format":"standard","meta":{"footnotes":""},"categories":[252,439],"tags":[],"class_list":["post-128093","post","type-post","status-publish","format-standard","has-post-thumbnail","hentry","category-regiao","category-ultima-hora"],"_links":{"self":[{"href":"https:\/\/diarioregionaldigital.com.br\/index.php?rest_route=\/wp\/v2\/posts\/128093","targetHints":{"allow":["GET"]}}],"collection":[{"href":"https:\/\/diarioregionaldigital.com.br\/index.php?rest_route=\/wp\/v2\/posts"}],"about":[{"href":"https:\/\/diarioregionaldigital.com.br\/index.php?rest_route=\/wp\/v2\/types\/post"}],"author":[{"embeddable":true,"href":"https:\/\/diarioregionaldigital.com.br\/index.php?rest_route=\/wp\/v2\/users\/96"}],"replies":[{"embeddable":true,"href":"https:\/\/diarioregionaldigital.com.br\/index.php?rest_route=%2Fwp%2Fv2%2Fcomments&post=128093"}],"version-history":[{"count":0,"href":"https:\/\/diarioregionaldigital.com.br\/index.php?rest_route=\/wp\/v2\/posts\/128093\/revisions"}],"wp:featuredmedia":[{"embeddable":true,"href":"https:\/\/diarioregionaldigital.com.br\/index.php?rest_route=\/wp\/v2\/media\/95105"}],"wp:attachment":[{"href":"https:\/\/diarioregionaldigital.com.br\/index.php?rest_route=%2Fwp%2Fv2%2Fmedia&parent=128093"}],"wp:term":[{"taxonomy":"category","embeddable":true,"href":"https:\/\/diarioregionaldigital.com.br\/index.php?rest_route=%2Fwp%2Fv2%2Fcategories&post=128093"},{"taxonomy":"post_tag","embeddable":true,"href":"https:\/\/diarioregionaldigital.com.br\/index.php?rest_route=%2Fwp%2Fv2%2Ftags&post=128093"}],"curies":[{"name":"wp","href":"https:\/\/api.w.org\/{rel}","templated":true}]}}