{"id":128077,"date":"2018-12-13T06:00:36","date_gmt":"2018-12-13T08:00:36","guid":{"rendered":"https:\/\/diarioregionaldigital.com.br\/?p=128077"},"modified":"2018-12-12T09:58:39","modified_gmt":"2018-12-12T11:58:39","slug":"campanha-de-natal-do-ceprom-arrecada-material-escolar-para-criancas","status":"publish","type":"post","link":"https:\/\/diarioregionaldigital.com.br\/?p=128077","title":{"rendered":"Campanha de Natal do CEPROM arrecada material escolar para crian\u00e7as"},"content":{"rendered":"<p>O Centro de Promo\u00e7\u00e3o do Menor de Juiz de Fora (CEPROM) est\u00e1 realizando uma campanha de Natal que busca doa\u00e7\u00e3o de material escolar para o ano letivo de 2019. O objetivo, segundo a coordena\u00e7\u00e3o da institui\u00e7\u00e3o filantr\u00f3pica, \u201c\u00e9 garantir uma educa\u00e7\u00e3o de qualidade aos pequenos atendidos pela iniciativa, uma vez que o ensino \u00e9 a maior heran\u00e7a que se pode deixar para as crian\u00e7as\u201d.<\/p>\n<p>Entre os materiais a serem arrecadados est\u00e3o folha de papel of\u00edcio branca; colas branca e colorida; pap\u00e9is camur\u00e7a e crepom de cores variadas; papel pardo; pacote de papel \u201cFilipinho\u201d; pasta pl\u00e1stica; caderno do tipo brochur\u00e3o grande e pequeno; giz de cera; l\u00e1pis de cor; tinta guache; glitter; EVA, palitos de picol\u00e9 e de churrasco; cartolina de todas as cores e revistas velhas para recorte. Tudo isso ser\u00e1 utilizado durante os trabalhos dos alunos da educa\u00e7\u00e3o infantil no pr\u00f3ximo ano.<\/p>\n<p>As doa\u00e7\u00f5es podem ser entregues no pr\u00f3prio Centro, que fica na Avenida Francisco Valadares, 2745, no bairro Vila Ideal, na zona Sudeste de Juiz de Fora. O telefone para contato \u00e9 o 3235-1047. O local funciona de segunda \u00e0 sexta, entre 8h e 17h.<\/p>\n<p>O CEPROM tamb\u00e9m recolhe durante todo o ano doa\u00e7\u00f5es de alimentos, como arroz, feij\u00e3o, leite, macarr\u00e3o, biscoitos, achocolatados, manteiga; al\u00e9m de materiais de limpeza e outros itens que possam ser de utilidade para as crian\u00e7as e para a creche.<\/p>\n<p>O espa\u00e7o busca consolidar a educa\u00e7\u00e3o infantil\/creche como primeira etapa da educa\u00e7\u00e3o b\u00e1sica, oferecendo as condi\u00e7\u00f5es necess\u00e1rias ao desenvolvimento f\u00edsico, afetivo, cognitivo, social e cultural dos alunos, atrav\u00e9s de \u201cum trabalho com afeto e responsabilidade, valorizando e respeitando as necessidades e especificidades da crian\u00e7a\u201d.<\/p>\n","protected":false},"excerpt":{"rendered":"<p>O Centro de Promo\u00e7\u00e3o do Menor de Juiz de Fora (CEPROM) est\u00e1 realizando uma campanha de Natal que busca doa\u00e7\u00e3o de material escolar para o ano letivo de 2019. O objetivo, segundo a coordena\u00e7\u00e3o da institui\u00e7\u00e3o filantr\u00f3pica, \u201c\u00e9 garantir uma educa\u00e7\u00e3o de qualidade aos pequenos atendidos pela iniciativa, uma vez que o ensino \u00e9 a [&hellip;]<\/p>\n","protected":false},"author":96,"featured_media":0,"comment_status":"closed","ping_status":"closed","sticky":false,"template":"","format":"standard","meta":{"footnotes":""},"categories":[253,440,439],"tags":[],"class_list":["post-128077","post","type-post","status-publish","format-standard","hentry","category-cidade","category-destaques-do-dia","category-ultima-hora"],"_links":{"self":[{"href":"https:\/\/diarioregionaldigital.com.br\/index.php?rest_route=\/wp\/v2\/posts\/128077","targetHints":{"allow":["GET"]}}],"collection":[{"href":"https:\/\/diarioregionaldigital.com.br\/index.php?rest_route=\/wp\/v2\/posts"}],"about":[{"href":"https:\/\/diarioregionaldigital.com.br\/index.php?rest_route=\/wp\/v2\/types\/post"}],"author":[{"embeddable":true,"href":"https:\/\/diarioregionaldigital.com.br\/index.php?rest_route=\/wp\/v2\/users\/96"}],"replies":[{"embeddable":true,"href":"https:\/\/diarioregionaldigital.com.br\/index.php?rest_route=%2Fwp%2Fv2%2Fcomments&post=128077"}],"version-history":[{"count":0,"href":"https:\/\/diarioregionaldigital.com.br\/index.php?rest_route=\/wp\/v2\/posts\/128077\/revisions"}],"wp:attachment":[{"href":"https:\/\/diarioregionaldigital.com.br\/index.php?rest_route=%2Fwp%2Fv2%2Fmedia&parent=128077"}],"wp:term":[{"taxonomy":"category","embeddable":true,"href":"https:\/\/diarioregionaldigital.com.br\/index.php?rest_route=%2Fwp%2Fv2%2Fcategories&post=128077"},{"taxonomy":"post_tag","embeddable":true,"href":"https:\/\/diarioregionaldigital.com.br\/index.php?rest_route=%2Fwp%2Fv2%2Ftags&post=128077"}],"curies":[{"name":"wp","href":"https:\/\/api.w.org\/{rel}","templated":true}]}}