{"id":128074,"date":"2018-12-12T08:45:25","date_gmt":"2018-12-12T10:45:25","guid":{"rendered":"https:\/\/diarioregionaldigital.com.br\/?p=128074"},"modified":"2018-12-12T08:45:25","modified_gmt":"2018-12-12T10:45:25","slug":"se-entrega-oculos-do-programa-ver-e-viver-a-cinquenta-criancas","status":"publish","type":"post","link":"https:\/\/diarioregionaldigital.com.br\/?p=128074","title":{"rendered":"SE entrega \u00f3culos do programa \u201cVer \u00e9 Viver\u201d a cinquenta crian\u00e7as"},"content":{"rendered":"<p>A Secretaria de Educa\u00e7\u00e3o (SE) da Prefeitura de Juiz de Fora (PJF) entregou, nesta ter\u00e7a-feira, 11, cerca de 50 \u00f3culos de grau atrav\u00e9s do programa \u201cVer \u00e9 Viver\u201d, da ArcelorMittal, a alunos de quatro escolas, sendo duas estaduais \u2013 &#8220;Teodorico Ribeiro Assis&#8221; e &#8220;Dr. Clemente Mariani&#8221;, e duas municipais, as escolas &#8220;Prefeito Dilermando Cruz Filho&#8221; e &#8220;Paulo Rog\u00e9rio dos Santos\u201d. O evento contou com a presen\u00e7a de servidores municipais, alunos das escolas participantes, pais e respons\u00e1veis pelas crian\u00e7as, al\u00e9m da secret\u00e1ria de Educa\u00e7\u00e3o, Denise Vieira Franco. Para T\u00e2nia Franklin, gerente do Departamento de Inclus\u00e3o e Aten\u00e7\u00e3o ao Educando: \u201cTodo este trabalho de corre\u00e7\u00e3o visual se prop\u00f5e a facilitar o processo de aprendizagem e melhorar o relacionamento social\u201d.<\/p>\n<p>As crian\u00e7as e os seus respons\u00e1veis receberam, da supervisora de Acompanhamento da Sa\u00fade Escolar, Sandra Batista, orienta\u00e7\u00f5es sobre o uso e cuidado com os \u00f3culos. David Fernandes Ribeiro, pai de uma das contempladas, Christina Ribeiro, de 10 anos, disse: \u201cMinha filha ganhou um present\u00e3o de Natal\u201d.<\/p>\n<p>Durante este ano, foram atendidos cerca de 694 alunos, de cinco escolas, em Juiz de Fora. Eles passaram por testes de acuidade visual, que identificaram a necessidade de corre\u00e7\u00e3o visual em alguns casos. O programa tamb\u00e9m foi respons\u00e1vel pelo encaminhamento das crian\u00e7as para as consultas m\u00e9dicas e a confec\u00e7\u00e3o dos \u00f3culos.<\/p>\n<p>A analista de comunica\u00e7\u00e3o da ArcelorMittal Juiz de Fora, Juliana Moreira Costa, explica a import\u00e2ncia da parceria na realiza\u00e7\u00e3o do programa \u201cVer \u00e9 Viver\u201d: \u201cA gente n\u00e3o consegue chegar at\u00e9 a escola sem a ajuda da Secretaria de Educa\u00e7\u00e3o. O setor privado precisa desta uni\u00e3o com o poder p\u00fablico para desenvolver os projetos na comunidade. Esperamos, no pr\u00f3ximo ano, ampliar a abrang\u00eancia do projeto e aumentar a participa\u00e7\u00e3o das pessoas\u201d.<\/p>\n<p>O projeto conta com a parceria do Minist\u00e9rio da Sa\u00fade e da Secretaria Municipal de Sa\u00fade, atrav\u00e9s do Sa\u00fade na Escola, do Governo federal.<\/p>\n<p><em>Fonte: PJF<\/em><\/p>\n","protected":false},"excerpt":{"rendered":"<p>A Secretaria de Educa\u00e7\u00e3o (SE) da Prefeitura de Juiz de Fora (PJF) entregou, nesta ter\u00e7a-feira, 11, cerca de 50 \u00f3culos de grau atrav\u00e9s do programa \u201cVer \u00e9 Viver\u201d, da ArcelorMittal, a alunos de quatro escolas, sendo duas estaduais \u2013 &#8220;Teodorico Ribeiro Assis&#8221; e &#8220;Dr. Clemente Mariani&#8221;, e duas municipais, as escolas &#8220;Prefeito Dilermando Cruz Filho&#8221; [&hellip;]<\/p>\n","protected":false},"author":96,"featured_media":0,"comment_status":"closed","ping_status":"closed","sticky":false,"template":"","format":"standard","meta":{"footnotes":""},"categories":[253,439],"tags":[],"class_list":["post-128074","post","type-post","status-publish","format-standard","hentry","category-cidade","category-ultima-hora"],"_links":{"self":[{"href":"https:\/\/diarioregionaldigital.com.br\/index.php?rest_route=\/wp\/v2\/posts\/128074","targetHints":{"allow":["GET"]}}],"collection":[{"href":"https:\/\/diarioregionaldigital.com.br\/index.php?rest_route=\/wp\/v2\/posts"}],"about":[{"href":"https:\/\/diarioregionaldigital.com.br\/index.php?rest_route=\/wp\/v2\/types\/post"}],"author":[{"embeddable":true,"href":"https:\/\/diarioregionaldigital.com.br\/index.php?rest_route=\/wp\/v2\/users\/96"}],"replies":[{"embeddable":true,"href":"https:\/\/diarioregionaldigital.com.br\/index.php?rest_route=%2Fwp%2Fv2%2Fcomments&post=128074"}],"version-history":[{"count":0,"href":"https:\/\/diarioregionaldigital.com.br\/index.php?rest_route=\/wp\/v2\/posts\/128074\/revisions"}],"wp:attachment":[{"href":"https:\/\/diarioregionaldigital.com.br\/index.php?rest_route=%2Fwp%2Fv2%2Fmedia&parent=128074"}],"wp:term":[{"taxonomy":"category","embeddable":true,"href":"https:\/\/diarioregionaldigital.com.br\/index.php?rest_route=%2Fwp%2Fv2%2Fcategories&post=128074"},{"taxonomy":"post_tag","embeddable":true,"href":"https:\/\/diarioregionaldigital.com.br\/index.php?rest_route=%2Fwp%2Fv2%2Ftags&post=128074"}],"curies":[{"name":"wp","href":"https:\/\/api.w.org\/{rel}","templated":true}]}}