{"id":128070,"date":"2018-12-12T07:57:16","date_gmt":"2018-12-12T09:57:16","guid":{"rendered":"https:\/\/diarioregionaldigital.com.br\/?p=128070"},"modified":"2018-12-12T07:57:16","modified_gmt":"2018-12-12T09:57:16","slug":"jovens-sao-assaltados-em-ponto-de-onibus-na-avenida-jk-em-juiz-de-fora","status":"publish","type":"post","link":"https:\/\/diarioregionaldigital.com.br\/?p=128070","title":{"rendered":"Jovens s\u00e3o assaltados em ponto de \u00f4nibus na Avenida JK em Juiz de Fora"},"content":{"rendered":"<p>Tr\u00eas jovens, de 19 e 20 anos, foram assaltados nessa ter\u00e7a-feira, 11, no bairro J\u00f3quei Clube, na zona Norte de Juiz de Fora. Eles estavam em um ponto de \u00f4nibus da Avenida Presidente Juscelino Kubitschek, por volta das 23h, quando foram abordados por um rapaz que anunciou o assalto.<\/p>\n<p>Segundo as v\u00edtimas, o autor estava armado com um rev\u00f3lver e roubou v\u00e1rios pertences dos jovens. Em seguida, fugiu.<\/p>\n<p>Atrav\u00e9s de fotos cedidas pela Pol\u00edcia Militar (PM) as v\u00edtimas reconheceram o autor, que tem 20 anos. Ele est\u00e1 sendo procurado pela PM.<\/p>\n","protected":false},"excerpt":{"rendered":"<p>Tr\u00eas jovens, de 19 e 20 anos, foram assaltados nessa ter\u00e7a-feira, 11, no bairro J\u00f3quei Clube, na zona Norte de Juiz de Fora. Eles estavam em um ponto de \u00f4nibus da Avenida Presidente Juscelino Kubitschek, por volta das 23h, quando foram abordados por um rapaz que anunciou o assalto. Segundo as v\u00edtimas, o autor estava [&hellip;]<\/p>\n","protected":false},"author":96,"featured_media":95836,"comment_status":"closed","ping_status":"closed","sticky":false,"template":"","format":"standard","meta":{"footnotes":""},"categories":[301],"tags":[],"class_list":["post-128070","post","type-post","status-publish","format-standard","has-post-thumbnail","hentry","category-artigos-policiais"],"_links":{"self":[{"href":"https:\/\/diarioregionaldigital.com.br\/index.php?rest_route=\/wp\/v2\/posts\/128070","targetHints":{"allow":["GET"]}}],"collection":[{"href":"https:\/\/diarioregionaldigital.com.br\/index.php?rest_route=\/wp\/v2\/posts"}],"about":[{"href":"https:\/\/diarioregionaldigital.com.br\/index.php?rest_route=\/wp\/v2\/types\/post"}],"author":[{"embeddable":true,"href":"https:\/\/diarioregionaldigital.com.br\/index.php?rest_route=\/wp\/v2\/users\/96"}],"replies":[{"embeddable":true,"href":"https:\/\/diarioregionaldigital.com.br\/index.php?rest_route=%2Fwp%2Fv2%2Fcomments&post=128070"}],"version-history":[{"count":0,"href":"https:\/\/diarioregionaldigital.com.br\/index.php?rest_route=\/wp\/v2\/posts\/128070\/revisions"}],"wp:featuredmedia":[{"embeddable":true,"href":"https:\/\/diarioregionaldigital.com.br\/index.php?rest_route=\/wp\/v2\/media\/95836"}],"wp:attachment":[{"href":"https:\/\/diarioregionaldigital.com.br\/index.php?rest_route=%2Fwp%2Fv2%2Fmedia&parent=128070"}],"wp:term":[{"taxonomy":"category","embeddable":true,"href":"https:\/\/diarioregionaldigital.com.br\/index.php?rest_route=%2Fwp%2Fv2%2Fcategories&post=128070"},{"taxonomy":"post_tag","embeddable":true,"href":"https:\/\/diarioregionaldigital.com.br\/index.php?rest_route=%2Fwp%2Fv2%2Ftags&post=128070"}],"curies":[{"name":"wp","href":"https:\/\/api.w.org\/{rel}","templated":true}]}}