{"id":127975,"date":"2018-12-11T05:59:29","date_gmt":"2018-12-11T07:59:29","guid":{"rendered":"https:\/\/diarioregionaldigital.com.br\/?p=127975"},"modified":"2018-12-11T10:05:27","modified_gmt":"2018-12-11T12:05:27","slug":"com-a-proximidade-do-verao-temperaturas-voltam-a-subir-em-juiz-de-fora","status":"publish","type":"post","link":"https:\/\/diarioregionaldigital.com.br\/?p=127975","title":{"rendered":"Com a proximidade do ver\u00e3o, temperaturas voltam a subir em Juiz de Fora"},"content":{"rendered":"<p>Faltando dez dias para o in\u00edcio do ver\u00e3o, as temperaturas em Juiz de Fora devem subir e tomar, definitivamente, ares da esta\u00e7\u00e3o mais quente do ano. De acordo com o Instituto Nacional de Meteorologia (INMET), a semana deve ser de calor e de chuvas isoladas na cidade.<\/p>\n<p>Por conta da grande umidade e da eleva\u00e7\u00e3o das temperaturas, a expectativa \u00e9 de que sejam registradas pancadas de chuvas durante \u00e0 tarde, nos pr\u00f3ximos dias.<\/p>\n<p>Para esta ter\u00e7a-feira, 11, a previs\u00e3o \u00e9 de precipita\u00e7\u00f5es isoladas no fim do dia e de term\u00f4metros variando entre 17 e 25 graus. A umidade do ar pode oscilar entre 95% e 55%. J\u00e1 na quarta-feira, 12, a m\u00e1xima n\u00e3o ultrapassa 24 graus e o c\u00e9u deve ficar boa parte do tempo encoberto. H\u00e1 tamb\u00e9m possibilidade de chuva fraca \u00e0 tarde.<\/p>\n<p>A partir de quinta-feira, 13, \u00e9 que os term\u00f4metros atingir\u00e3o temperaturas mais altas. A m\u00e1xima pode chegar \u00e0 28 graus.<\/p>\n","protected":false},"excerpt":{"rendered":"<p>Faltando dez dias para o in\u00edcio do ver\u00e3o, as temperaturas em Juiz de Fora devem subir e tomar, definitivamente, ares da esta\u00e7\u00e3o mais quente do ano. De acordo com o Instituto Nacional de Meteorologia (INMET), a semana deve ser de calor e de chuvas isoladas na cidade. Por conta da grande umidade e da eleva\u00e7\u00e3o [&hellip;]<\/p>\n","protected":false},"author":96,"featured_media":0,"comment_status":"closed","ping_status":"closed","sticky":false,"template":"","format":"standard","meta":{"footnotes":""},"categories":[253,436,440,439],"tags":[],"class_list":["post-127975","post","type-post","status-publish","format-standard","hentry","category-cidade","category-destaque-da-semana","category-destaques-do-dia","category-ultima-hora"],"_links":{"self":[{"href":"https:\/\/diarioregionaldigital.com.br\/index.php?rest_route=\/wp\/v2\/posts\/127975","targetHints":{"allow":["GET"]}}],"collection":[{"href":"https:\/\/diarioregionaldigital.com.br\/index.php?rest_route=\/wp\/v2\/posts"}],"about":[{"href":"https:\/\/diarioregionaldigital.com.br\/index.php?rest_route=\/wp\/v2\/types\/post"}],"author":[{"embeddable":true,"href":"https:\/\/diarioregionaldigital.com.br\/index.php?rest_route=\/wp\/v2\/users\/96"}],"replies":[{"embeddable":true,"href":"https:\/\/diarioregionaldigital.com.br\/index.php?rest_route=%2Fwp%2Fv2%2Fcomments&post=127975"}],"version-history":[{"count":0,"href":"https:\/\/diarioregionaldigital.com.br\/index.php?rest_route=\/wp\/v2\/posts\/127975\/revisions"}],"wp:attachment":[{"href":"https:\/\/diarioregionaldigital.com.br\/index.php?rest_route=%2Fwp%2Fv2%2Fmedia&parent=127975"}],"wp:term":[{"taxonomy":"category","embeddable":true,"href":"https:\/\/diarioregionaldigital.com.br\/index.php?rest_route=%2Fwp%2Fv2%2Fcategories&post=127975"},{"taxonomy":"post_tag","embeddable":true,"href":"https:\/\/diarioregionaldigital.com.br\/index.php?rest_route=%2Fwp%2Fv2%2Ftags&post=127975"}],"curies":[{"name":"wp","href":"https:\/\/api.w.org\/{rel}","templated":true}]}}