{"id":127941,"date":"2018-12-10T20:44:37","date_gmt":"2018-12-10T22:44:37","guid":{"rendered":"https:\/\/diarioregionaldigital.com.br\/?p=127941"},"modified":"2018-12-10T20:44:37","modified_gmt":"2018-12-10T22:44:37","slug":"mais-tres-audiencias-publicas-sao-agendadas-para-o-12-periodo-legislativo","status":"publish","type":"post","link":"https:\/\/diarioregionaldigital.com.br\/?p=127941","title":{"rendered":"Mais tr\u00eas audi\u00eancias p\u00fablicas s\u00e3o agendadas para o 12\u00b0 per\u00edodo Legislativo"},"content":{"rendered":"<p>A C\u00e2mara Municipal agendou mais tr\u00eas audi\u00eancias p\u00fablicas para o 12\u00ba per\u00edodo Legislativo. Os encontros acontecer\u00e3o nos dias 11, 12 e 13 de dezembro, \u00e0s 15h, no plen\u00e1rio da C\u00e2mara. Todos que tiverem interesse podem comparecer e contribuir com a discuss\u00e3o. As audi\u00eancias ter\u00e3o transmiss\u00e3o ao vivo pela JFTV C\u00e2mara, canal 35.<\/p>\n<p>Na tarde desta ter\u00e7a-feira, 11, o tema tratado ser\u00e1 a popula\u00e7\u00e3o em situa\u00e7\u00e3o de rua de Juiz de Fora, conforme sugest\u00e3o do vereador Marlon Siqueira (MDB). Para participar do espa\u00e7o de debate foram convocados o secret\u00e1rio de Governo e a secret\u00e1ria de Desenvolvimento Social.<\/p>\n<p>J\u00e1 na quarta-feira, 12, o assunto debatido ser\u00e1 a situa\u00e7\u00e3o econ\u00f4mica do servi\u00e7o de t\u00e1xi em Juiz de Fora, requerido pelo vereador J\u00falio Obama Jr. (PHS). A \u00faltima audi\u00eancia p\u00fablica acontece na quinta-feira, 13, sobre a doc\u00eancia compartilhada em turmas das escolas p\u00fablicas municipais de Juiz de Fora. A discuss\u00e3o foi solicitada pelos vereadores Ana do Padre Frederico (MDB),\u00a0 Roberto Cupolillo (Bet\u00e3o &#8211; PT), Vagner de Oliveira (PSC) e Sargento Mello Casal (PTB).<\/p>\n<p>&nbsp;<\/p>\n<p>Fonte: Assessoria C\u00e2mara Municipal<\/p>\n","protected":false},"excerpt":{"rendered":"<p>A C\u00e2mara Municipal agendou mais tr\u00eas audi\u00eancias p\u00fablicas para o 12\u00ba per\u00edodo Legislativo. Os encontros acontecer\u00e3o nos dias 11, 12 e 13 de dezembro, \u00e0s 15h, no plen\u00e1rio da C\u00e2mara. Todos que tiverem interesse podem comparecer e contribuir com a discuss\u00e3o. As audi\u00eancias ter\u00e3o transmiss\u00e3o ao vivo pela JFTV C\u00e2mara, canal 35. Na tarde desta [&hellip;]<\/p>\n","protected":false},"author":96,"featured_media":97343,"comment_status":"closed","ping_status":"closed","sticky":false,"template":"","format":"standard","meta":{"footnotes":""},"categories":[436,254,439],"tags":[],"class_list":["post-127941","post","type-post","status-publish","format-standard","has-post-thumbnail","hentry","category-destaque-da-semana","category-politica","category-ultima-hora"],"_links":{"self":[{"href":"https:\/\/diarioregionaldigital.com.br\/index.php?rest_route=\/wp\/v2\/posts\/127941","targetHints":{"allow":["GET"]}}],"collection":[{"href":"https:\/\/diarioregionaldigital.com.br\/index.php?rest_route=\/wp\/v2\/posts"}],"about":[{"href":"https:\/\/diarioregionaldigital.com.br\/index.php?rest_route=\/wp\/v2\/types\/post"}],"author":[{"embeddable":true,"href":"https:\/\/diarioregionaldigital.com.br\/index.php?rest_route=\/wp\/v2\/users\/96"}],"replies":[{"embeddable":true,"href":"https:\/\/diarioregionaldigital.com.br\/index.php?rest_route=%2Fwp%2Fv2%2Fcomments&post=127941"}],"version-history":[{"count":0,"href":"https:\/\/diarioregionaldigital.com.br\/index.php?rest_route=\/wp\/v2\/posts\/127941\/revisions"}],"wp:featuredmedia":[{"embeddable":true,"href":"https:\/\/diarioregionaldigital.com.br\/index.php?rest_route=\/wp\/v2\/media\/97343"}],"wp:attachment":[{"href":"https:\/\/diarioregionaldigital.com.br\/index.php?rest_route=%2Fwp%2Fv2%2Fmedia&parent=127941"}],"wp:term":[{"taxonomy":"category","embeddable":true,"href":"https:\/\/diarioregionaldigital.com.br\/index.php?rest_route=%2Fwp%2Fv2%2Fcategories&post=127941"},{"taxonomy":"post_tag","embeddable":true,"href":"https:\/\/diarioregionaldigital.com.br\/index.php?rest_route=%2Fwp%2Fv2%2Ftags&post=127941"}],"curies":[{"name":"wp","href":"https:\/\/api.w.org\/{rel}","templated":true}]}}