{"id":127925,"date":"2018-12-10T20:26:45","date_gmt":"2018-12-10T22:26:45","guid":{"rendered":"https:\/\/diarioregionaldigital.com.br\/?p=127925"},"modified":"2018-12-10T20:26:45","modified_gmt":"2018-12-10T22:26:45","slug":"audiencia-discutira-politicas-publicas-sobre-a-populacao-em-situacao-de-rua","status":"publish","type":"post","link":"https:\/\/diarioregionaldigital.com.br\/?p=127925","title":{"rendered":"Audi\u00eancia discutir\u00e1 pol\u00edticas p\u00fablicas sobre a popula\u00e7\u00e3o em situa\u00e7\u00e3o de rua"},"content":{"rendered":"<p>Nesta ter\u00e7a-feira, 11, \u00e0s 15h, a C\u00e2mara Municipal de Juiz de Fora sediar\u00e1 uma audi\u00eancia p\u00fablica para promover uma ampla discuss\u00e3o sobre a situa\u00e7\u00e3o dos moradores em situa\u00e7\u00e3o de rua. O encontro, proposto pelo vereador Marlon Siqueira (MDB), pretende reunir o Poder P\u00fablico, a popula\u00e7\u00e3o e o terceiro setor para expor como s\u00e3o direcionadas, planejadas e executadas as pol\u00edticas p\u00fablicas para atendimento a esse p\u00fablico.<\/p>\n<p>&#8220;H\u00e1 uma sensa\u00e7\u00e3o que o n\u00famero de moradores em situa\u00e7\u00e3o de rua tem aumentado em Juiz de Fora. Atrav\u00e9s da audi\u00eancia p\u00fablica, queremos\u00a0 discutir, planejar e agir sobre esse tema, t\u00e3o relevante sob o contexto social, e que nos toca tanto&#8221;, relata o vereador Marlon.<\/p>\n<p>Dever\u00e3o ser abordados durante a audi\u00eancia quest\u00f5es pertinentes como o modo que \u00e9 feito o acompanhamento social, psicol\u00f3gico e de sa\u00fade dessas pessoas; a oferta de direitos constitucionais como a Seguran\u00e7a Alimentar; os projetos de inser\u00e7\u00e3o dos moradores de rua ao mercado de trabalho; e, at\u00e9 mesmo, como a popula\u00e7\u00e3o pode indicar modos de aux\u00edlio quando ver um caso de necessidade.<\/p>\n<p>Durante a \u00faltima semana, a divulga\u00e7\u00e3o para a audi\u00eancia p\u00fablica foi feita pelas redes sociais e tamb\u00e9m em campo, em bairros com alta presen\u00e7a de moradores em situa\u00e7\u00e3o de rua, entidades e igrejas. Segundo Marlon,&#8221;a inten\u00e7\u00e3o \u00e9 reunir pessoas que t\u00eam o contato direto com o tema, entre elas, o pr\u00f3prio p\u00fablico-foco: queremos moradores em situa\u00e7\u00e3o de rua participando e tendo voz na audi\u00eancia&#8221;. Os secret\u00e1rios de Governo e Desenvolvimento Social foram convocados para o encontro.<\/p>\n<p>Foram convidados, ainda, representantes de institui\u00e7\u00f5es de amparo a pessoa em situa\u00e7\u00e3o de rua como a Funda\u00e7\u00e3o Maria M\u00e3e, Amac, Comsea, Cras\/Centro, Centro de Aten\u00e7\u00e3o Psicossocial \u00c1lcool e Drogas, 4\u00ba RISP, 2\u00baBPM, 30\u00aa Cia PM, Cisdeste, Centro de Preven\u00e7\u00e3o \u00e0 Criminalidade, Associa\u00e7\u00e3o Beneficente Crist\u00e3 Restituir, Sociedade Beneficente Sopa dos Pobres, Subsecretaria de Aten\u00e7\u00e3o Prim\u00e1ria \u00e0 Sa\u00fade, Feira de Economia Solid\u00e1ria de JF, Associa\u00e7\u00e3o Metodista de A\u00e7\u00e3o Social, Instituto da Fam\u00edlia de JF, Conselho Municipal de Assist\u00eancia Social, Comit\u00ea Intersetorial de Pol\u00edticas para Pessoas em Situa\u00e7\u00e3o de Rua e Ag\u00eancia Adventista de Desenvolvimento e Recursos Assistenciais Sudeste Brasileira.<\/p>\n<p>A audi\u00eancia p\u00fablica ter\u00e1 transmiss\u00e3o ao vivo pela JFTVC\u00e2mara, canal digital 35.<\/p>\n<p>&nbsp;<\/p>\n","protected":false},"excerpt":{"rendered":"<p>Nesta ter\u00e7a-feira, 11, \u00e0s 15h, a C\u00e2mara Municipal de Juiz de Fora sediar\u00e1 uma audi\u00eancia p\u00fablica para promover uma ampla discuss\u00e3o sobre a situa\u00e7\u00e3o dos moradores em situa\u00e7\u00e3o de rua. O encontro, proposto pelo vereador Marlon Siqueira (MDB), pretende reunir o Poder P\u00fablico, a popula\u00e7\u00e3o e o terceiro setor para expor como s\u00e3o direcionadas, planejadas [&hellip;]<\/p>\n","protected":false},"author":96,"featured_media":127926,"comment_status":"closed","ping_status":"closed","sticky":false,"template":"","format":"standard","meta":{"footnotes":""},"categories":[440,254,439],"tags":[],"class_list":["post-127925","post","type-post","status-publish","format-standard","has-post-thumbnail","hentry","category-destaques-do-dia","category-politica","category-ultima-hora"],"_links":{"self":[{"href":"https:\/\/diarioregionaldigital.com.br\/index.php?rest_route=\/wp\/v2\/posts\/127925","targetHints":{"allow":["GET"]}}],"collection":[{"href":"https:\/\/diarioregionaldigital.com.br\/index.php?rest_route=\/wp\/v2\/posts"}],"about":[{"href":"https:\/\/diarioregionaldigital.com.br\/index.php?rest_route=\/wp\/v2\/types\/post"}],"author":[{"embeddable":true,"href":"https:\/\/diarioregionaldigital.com.br\/index.php?rest_route=\/wp\/v2\/users\/96"}],"replies":[{"embeddable":true,"href":"https:\/\/diarioregionaldigital.com.br\/index.php?rest_route=%2Fwp%2Fv2%2Fcomments&post=127925"}],"version-history":[{"count":0,"href":"https:\/\/diarioregionaldigital.com.br\/index.php?rest_route=\/wp\/v2\/posts\/127925\/revisions"}],"wp:featuredmedia":[{"embeddable":true,"href":"https:\/\/diarioregionaldigital.com.br\/index.php?rest_route=\/wp\/v2\/media\/127926"}],"wp:attachment":[{"href":"https:\/\/diarioregionaldigital.com.br\/index.php?rest_route=%2Fwp%2Fv2%2Fmedia&parent=127925"}],"wp:term":[{"taxonomy":"category","embeddable":true,"href":"https:\/\/diarioregionaldigital.com.br\/index.php?rest_route=%2Fwp%2Fv2%2Fcategories&post=127925"},{"taxonomy":"post_tag","embeddable":true,"href":"https:\/\/diarioregionaldigital.com.br\/index.php?rest_route=%2Fwp%2Fv2%2Ftags&post=127925"}],"curies":[{"name":"wp","href":"https:\/\/api.w.org\/{rel}","templated":true}]}}