{"id":127894,"date":"2018-12-10T12:26:42","date_gmt":"2018-12-10T14:26:42","guid":{"rendered":"https:\/\/diarioregionaldigital.com.br\/?p=127894"},"modified":"2018-12-10T12:35:37","modified_gmt":"2018-12-10T14:35:37","slug":"policia-e-mp-vao-apurar-denuncias-contra-medium-joao-de-deus","status":"publish","type":"post","link":"https:\/\/diarioregionaldigital.com.br\/?p=127894","title":{"rendered":"Pol\u00edcia e MP v\u00e3o apurar den\u00fancias contra m\u00e9dium Jo\u00e3o de Deus"},"content":{"rendered":"<p>A Pol\u00edcia Civil e o Minist\u00e9rio P\u00fablico de Goi\u00e1s (MP-GO) criar\u00e3o for\u00e7as-tarefas especiais para apurar as den\u00fancias de abuso sexual envolvendo o m\u00e9dium Jo\u00e3o Teixeira de Faria, conhecido internacionalmente como Jo\u00e3o de Deus.<\/p>\n<p>A Pol\u00edcia Civil deve definir a quantidade de delegados e agentes que atuar\u00e3o no caso durante reuni\u00e3o convocada pelo delegado-geral Andr\u00e9 Fernandes\u00a0para \u00e0s 16h30 desta segunda-feira, 10, em Goi\u00e2nia.<\/p>\n<p>A assessoria de imprensa confirmou \u00e0 <strong>Ag\u00eancia Brasil <\/strong>que a institui\u00e7\u00e3o j\u00e1 havia instaurado inqu\u00e9ritos para investigar acusa\u00e7\u00f5es apresentadas por frequentadoras da Casa Dom In\u00e1cio de Loyola, em Abadi\u00e2nia (GO), mas que as den\u00fancias se avolumaram depois que o caso se tornou p\u00fablico, sendo divulgado na imprensa. A cria\u00e7\u00e3o da for\u00e7a-tarefa se deve \u00e0 complexidade do caso.<\/p>\n<p>J\u00e1 o Minist\u00e9rio P\u00fablico goiano pretende atuar em conjunto com promotores de outras unidades da federa\u00e7\u00e3o onde residam mulheres que afirmem ter sido v\u00edtimas de abusos sexuais supostamente cometidos pelo m\u00e9dium. As primeiras denunciantes devem come\u00e7ar a ser ouvidas nesta ter\u00e7a-feira, 11.<\/p>\n<p>O esc\u00e2ndalo envolvendo Jo\u00e3o de Deus veio \u00e0 tona na \u00faltima sexta-feira, 7, quando o programa Conversa com Bial, da TV Globo, veiculou o relato de v\u00e1rias mulheres que afirmam terem sido v\u00edtimas do m\u00e9dium. Segundo os relatos, Jo\u00e3o de Deus as teria levado para c\u00f4modos isolados do centro esp\u00edrita e as molestado, acariciando seus corpos. Algumas mulheres garantem que o m\u00e9dium chegou a expor seu p\u00eanis, for\u00e7ando-as a toc\u00e1-lo a pretexto de cur\u00e1-las.<\/p>\n<p>A reportagem ainda n\u00e3o conseguiu contato com o m\u00e9dium e com seus advogados. Desde essa segunda-feira, 9, ningu\u00e9m atende os telefones de contato divulgados na p\u00e1gina da Casa Dom In\u00e1cio de Loyola, na internet.<\/p>\n<p>Em nota divulgada no s\u00e1bado, 8, a Federa\u00e7\u00e3o Esp\u00edrita Brasileira afirma que o espiritismo orienta que o servi\u00e7o espiritual n\u00e3o deve ocorrer isoladamente, apenas com a presen\u00e7a do m\u00e9dium e da pessoa assistida. Al\u00e9m disso, a entidade informa que \u201cn\u00e3o recomenda a atividade individual de m\u00e9diuns que atuem por conta pr\u00f3pria\u201d que, portanto, \u201cn\u00e3o est\u00e3o vinculados ao movimento esp\u00edrita, nem seguindo sua orienta\u00e7\u00e3o\u201d.<\/p>\n<p><em>Fonte: Assessoria<\/em><\/p>\n","protected":false},"excerpt":{"rendered":"<p>A Pol\u00edcia Civil e o Minist\u00e9rio P\u00fablico de Goi\u00e1s (MP-GO) criar\u00e3o for\u00e7as-tarefas especiais para apurar as den\u00fancias de abuso sexual envolvendo o m\u00e9dium Jo\u00e3o Teixeira de Faria, conhecido internacionalmente como Jo\u00e3o de Deus. A Pol\u00edcia Civil deve definir a quantidade de delegados e agentes que atuar\u00e3o no caso durante reuni\u00e3o convocada pelo delegado-geral Andr\u00e9 Fernandes\u00a0para [&hellip;]<\/p>\n","protected":false},"author":96,"featured_media":0,"comment_status":"closed","ping_status":"closed","sticky":false,"template":"","format":"standard","meta":{"footnotes":""},"categories":[302,439],"tags":[],"class_list":["post-127894","post","type-post","status-publish","format-standard","hentry","category-brasil-mundo","category-ultima-hora"],"_links":{"self":[{"href":"https:\/\/diarioregionaldigital.com.br\/index.php?rest_route=\/wp\/v2\/posts\/127894","targetHints":{"allow":["GET"]}}],"collection":[{"href":"https:\/\/diarioregionaldigital.com.br\/index.php?rest_route=\/wp\/v2\/posts"}],"about":[{"href":"https:\/\/diarioregionaldigital.com.br\/index.php?rest_route=\/wp\/v2\/types\/post"}],"author":[{"embeddable":true,"href":"https:\/\/diarioregionaldigital.com.br\/index.php?rest_route=\/wp\/v2\/users\/96"}],"replies":[{"embeddable":true,"href":"https:\/\/diarioregionaldigital.com.br\/index.php?rest_route=%2Fwp%2Fv2%2Fcomments&post=127894"}],"version-history":[{"count":0,"href":"https:\/\/diarioregionaldigital.com.br\/index.php?rest_route=\/wp\/v2\/posts\/127894\/revisions"}],"wp:attachment":[{"href":"https:\/\/diarioregionaldigital.com.br\/index.php?rest_route=%2Fwp%2Fv2%2Fmedia&parent=127894"}],"wp:term":[{"taxonomy":"category","embeddable":true,"href":"https:\/\/diarioregionaldigital.com.br\/index.php?rest_route=%2Fwp%2Fv2%2Fcategories&post=127894"},{"taxonomy":"post_tag","embeddable":true,"href":"https:\/\/diarioregionaldigital.com.br\/index.php?rest_route=%2Fwp%2Fv2%2Ftags&post=127894"}],"curies":[{"name":"wp","href":"https:\/\/api.w.org\/{rel}","templated":true}]}}