{"id":127883,"date":"2018-12-10T11:46:27","date_gmt":"2018-12-10T13:46:27","guid":{"rendered":"https:\/\/diarioregionaldigital.com.br\/?p=127883"},"modified":"2018-12-10T11:46:27","modified_gmt":"2018-12-10T13:46:27","slug":"brasil-tem-grupo-definido-na-copa-do-mundo-franca-2019","status":"publish","type":"post","link":"https:\/\/diarioregionaldigital.com.br\/?p=127883","title":{"rendered":"Brasil tem grupo definido na Copa do Mundo Fran\u00e7a 2019"},"content":{"rendered":"<p>O caminho do Sele\u00e7\u00e3o Brasileira na Copa do Mundo Feminina Fran\u00e7a 2019 est\u00e1 tra\u00e7ado. Neste s\u00e1bado, 8, foi realizado, em Paris, na Fran\u00e7a, o sorteio de grupos da primeira fase da competi\u00e7\u00e3o. As brasileiras est\u00e3o no Grupo C, ao lado de Austr\u00e1lia, It\u00e1lia e Jamaica.<\/p>\n<p>Estiveram representando o Brasil no evento o Diretor Executivo de Gest\u00e3o da CBF, Rog\u00e9rio Caboclo, o Vice-Presidente, Fernando Sarney, o Coordenador de Sele\u00e7\u00f5es Femininas, Marco Aur\u00e9lio Cunha, e o t\u00e9cnico da Sele\u00e7\u00e3o Feminina Principal, Vad\u00e3o. No palco, Kak\u00e1, pentacampe\u00e3o do mundo pela Sele\u00e7\u00e3o Brasileira, foi uma das personalidades convidadas para auxiliar no sorteio dos grupos e dos jogos da fase inicial da competi\u00e7\u00e3o.<\/p>\n<p>A estreia brasileira ser\u00e1 diante da Jamaica, no dia 9 de junho, em Grenoble. Em seguida ter\u00e1 a Austr\u00e1lia pela frente, no dia 13, em Montepellier. Fechando a fase de grupos, o Brasil enfrentar\u00e1 a It\u00e1lia, no dia 18, em Valenciennes. A Copa do Mundo Fran\u00e7a 2019 ter\u00e1 24 sele\u00e7\u00f5es e acontece de 7 de junho a 7 de julho. Ser\u00e3o nove sedes: Paris, Lyon, Montpellier, Nice, Valenciennes, Reims, Le Havre, Grenoble e Rennes.<\/p>\n<p><strong>Sobre o sorteio:<\/strong><\/p>\n<p>A divis\u00e3o das equipes em cada pote do sorteio foi baseada no ranking de Sele\u00e7\u00f5es da FIFA. O sorteio come\u00e7ou pelo Pote 1 e terminou no Pote 4.<\/p>\n<p><strong>Pote 1: <\/strong>Estados Unidos, Alemanha, Fran\u00e7a, Inglaterra, Canad\u00e1 e Austr\u00e1lia.<\/p>\n<p><strong>Pote 2: <\/strong>Brasil,\u00a0Noruega, Jap\u00e3o, Holanda, Su\u00ed\u00e7a e Espanha.<\/p>\n<p><strong>Pote 3\u00a0:<\/strong> Coreia do Sul, China, It\u00e1lia, Esc\u00f3cia, Nova Zel\u00e2ndia e Tail\u00e2ndia.<\/p>\n<p><strong>Pote 4<\/strong>\u00a0: Argentina, Nig\u00e9ria, Chile, Jamaica, Camar\u00f5es e \u00c1frica do Sul.<\/p>\n<p><strong>Brasil em Copas do Mundo:<\/strong><\/p>\n<p>Para chegar \u00e0 Copa do Mundo Feminina Fran\u00e7a 2019 o Brasil fez uma campanha impec\u00e1vel na Copa Am\u00e9rica do Chile, em abril deste ano. A equipe venceu todos os sete compromissos e conquistou o s\u00e9timo trof\u00e9u da competi\u00e7\u00e3o. Desta forma, garantiu mais uma vaga na Copa do Mundo Feminina.<\/p>\n<p>O Brasil participou de todas as sete edi\u00e7\u00f5es da Copa do Mundo Feminina e estar\u00e1 na oitava presen\u00e7a na Fran\u00e7a. A primeira aconteceu em 1991, na China. A melhor coloca\u00e7\u00e3o brasileira foi em 2007 com o vice-campeonato diante da Alemanha, na Copa do Mundo da China. Em 1999, nos Estados Unidos, o Brasil foi em terceiro lugar ao vencer a Noruega.<\/p>\n<p><strong>\u00a0Fonte: CBF <\/strong><\/p>\n<p>&nbsp;<\/p>\n","protected":false},"excerpt":{"rendered":"<p>O caminho do Sele\u00e7\u00e3o Brasileira na Copa do Mundo Feminina Fran\u00e7a 2019 est\u00e1 tra\u00e7ado. Neste s\u00e1bado, 8, foi realizado, em Paris, na Fran\u00e7a, o sorteio de grupos da primeira fase da competi\u00e7\u00e3o. As brasileiras est\u00e3o no Grupo C, ao lado de Austr\u00e1lia, It\u00e1lia e Jamaica. Estiveram representando o Brasil no evento o Diretor Executivo de [&hellip;]<\/p>\n","protected":false},"author":96,"featured_media":127884,"comment_status":"closed","ping_status":"closed","sticky":false,"template":"","format":"standard","meta":{"footnotes":""},"categories":[257,439],"tags":[],"class_list":["post-127883","post","type-post","status-publish","format-standard","has-post-thumbnail","hentry","category-esporte","category-ultima-hora"],"_links":{"self":[{"href":"https:\/\/diarioregionaldigital.com.br\/index.php?rest_route=\/wp\/v2\/posts\/127883","targetHints":{"allow":["GET"]}}],"collection":[{"href":"https:\/\/diarioregionaldigital.com.br\/index.php?rest_route=\/wp\/v2\/posts"}],"about":[{"href":"https:\/\/diarioregionaldigital.com.br\/index.php?rest_route=\/wp\/v2\/types\/post"}],"author":[{"embeddable":true,"href":"https:\/\/diarioregionaldigital.com.br\/index.php?rest_route=\/wp\/v2\/users\/96"}],"replies":[{"embeddable":true,"href":"https:\/\/diarioregionaldigital.com.br\/index.php?rest_route=%2Fwp%2Fv2%2Fcomments&post=127883"}],"version-history":[{"count":0,"href":"https:\/\/diarioregionaldigital.com.br\/index.php?rest_route=\/wp\/v2\/posts\/127883\/revisions"}],"wp:featuredmedia":[{"embeddable":true,"href":"https:\/\/diarioregionaldigital.com.br\/index.php?rest_route=\/wp\/v2\/media\/127884"}],"wp:attachment":[{"href":"https:\/\/diarioregionaldigital.com.br\/index.php?rest_route=%2Fwp%2Fv2%2Fmedia&parent=127883"}],"wp:term":[{"taxonomy":"category","embeddable":true,"href":"https:\/\/diarioregionaldigital.com.br\/index.php?rest_route=%2Fwp%2Fv2%2Fcategories&post=127883"},{"taxonomy":"post_tag","embeddable":true,"href":"https:\/\/diarioregionaldigital.com.br\/index.php?rest_route=%2Fwp%2Fv2%2Ftags&post=127883"}],"curies":[{"name":"wp","href":"https:\/\/api.w.org\/{rel}","templated":true}]}}