{"id":127880,"date":"2018-12-10T11:30:19","date_gmt":"2018-12-10T13:30:19","guid":{"rendered":"https:\/\/diarioregionaldigital.com.br\/?p=127880"},"modified":"2018-12-10T11:30:19","modified_gmt":"2018-12-10T13:30:19","slug":"festival-de-mini-basquete-recebe-mais-de-100-criancas-no-ginasio-da-faefid","status":"publish","type":"post","link":"https:\/\/diarioregionaldigital.com.br\/?p=127880","title":{"rendered":"Festival de Mini Basquete recebe mais de 100 crian\u00e7as no gin\u00e1sio da Faefid"},"content":{"rendered":"<p>A pr\u00e1tica esportiva e a \u00a0presen\u00e7a de valores como a amizade e o respeito pelo pr\u00f3ximo foram celebrados por crian\u00e7as e adultos na manh\u00e3 de s\u00e1bado, 8, com o IV Festival de Mini Basquetebol, realizado no gin\u00e1sio da Faculdade de Educa\u00e7\u00e3o F\u00edsica e Desportos (Faefid) da Universidade Federal de Juiz de Fora (UFJF). O evento \u00e9 organizado pelos bolsistas e estagi\u00e1rios do projeto de extens\u00e3o \u201cMini Basquetebol \u2013 uma inicia\u00e7\u00e3o esportiva positiva\u201d, em parceria com a Federa\u00e7\u00e3o Mineira de Basketball (FMB) e conta com o apoio da Pr\u00f3-reitoria de Extens\u00e3o da UFJF.<\/p>\n<p>O gin\u00e1sio da Faefid foi dividido em tr\u00eas quadras menores e itens como a cesta de basquete e as bolas foram redimensionadas, com o prop\u00f3sito de adequarem-se ao tamanho dos participantes. Estavam no local cerca de 100 crian\u00e7as, que foram divididas em 12 equipes, com idades de 9 a 12 anos, e quatro com idades entre 7 a 8 anos. Todos os jogos aconteceram simultaneamente, com descanso de 10 minutos entre uma e outra partida.<\/p>\n<p>Al\u00e9m de Juiz de Fora, que contou com a participa\u00e7\u00e3o das crian\u00e7as do projeto de extens\u00e3o e do Projeto Basquetebol do Futuro (PBF), outras 12 equipes do Estado do Rio de Janeiro tamb\u00e9m compareceram ao evento: Tr\u00eas Rios, Valen\u00e7a e Paty dos Alferes.<\/p>\n<p>O Festival de Mini Basquete acontece trimestralmente e tem como finalidade mostrar \u00a0aos pais e familiares as atividades realizadas durante as aulas do projeto de extens\u00e3o. Atualmente, a iniciativa atende 60 crian\u00e7as, de forma gratuita, com aulas realizadas tr\u00eas vezes por semana. Segundo o professor e coordenador da iniciativa, Dilson Borges, o objetivo do evento n\u00e3o \u00e9 estimular a competi\u00e7\u00e3o, mas incentivar os alunos. \u201cN\u00e3o h\u00e1 contagem de pontos; nossa inten\u00e7\u00e3o \u00e9 celebrar a pr\u00e1tica esportiva. A rea\u00e7\u00e3o dos pais diante do evento \u00e9 fant\u00e1stica e n\u00f3s constatamos o entusiasmo dos alunos diariamente, no nosso projeto. Eles saem daqui com mais motiva\u00e7\u00e3o para continuar praticando\u201d.<\/p>\n<p>No total, o projeto de extens\u00e3o conta com doze bolsistas, que se revezam no aux\u00edlio aos alunos. O estudante do curso de Educa\u00e7\u00e3o F\u00edsica, Edson de Oliveira, \u00e9 um deles e destaca a import\u00e2ncia do Festival. \u201c\u00c9 muito satisfat\u00f3rio ver a alegria das crian\u00e7as e o orgulho de estarem jogando. Elas sempre ficam animadas e criam muitas expectativas. N\u00f3s procuramos sempre organizar bem os times para criar esse clima alegre e festivo\u201d, pondera.<\/p>\n<p><strong>Benef\u00edcios da pr\u00e1tica esportiva<\/strong><\/p>\n<p>M\u00e3e do pequeno Luan, de 12 anos, Michele Abritta conta que, desde que come\u00e7ou a participar do projeto, seu filho evoluiu bastante, em diversos aspectos. \u201cEle estava fora do peso. Fazer esse esporte foi importante, pois ajudou muito ele, al\u00e9m de favorecer na parte social, com a constru\u00e7\u00e3o de novas amizades\u201d.<\/p>\n<p>Aline Ribas veio diretamente de Tr\u00eas Rios para acompanhar seu filho no Festival. Segundo ela, o esporte ajuda no desenvolvimento da crian\u00e7a, nesta faixa et\u00e1ria \u201cO basquete \u00e9 \u00a0importante, pois incentiva a crian\u00e7a a respeitar o limite do pr\u00f3ximo e ensina que ganhar ou perder faz parte da vida. Quanto mais cedo eles aprendem, melhor\u201d. Admirador do esporte, seu filho, Yago Ribas, tem 9 anos e \u00e9 torcedor do time de basquetebol norte americano, Orlando Magic. Entusiasmado, ele j\u00e1 tra\u00e7a planos para o futuro. \u201cEu gosto, porque tenho um amor muito grande pelo basquete. Pretendo seguir a carreira e ser um grande jogador, futuramente\u201d, afirma.<\/p>\n<p>O representante da Federa\u00e7\u00e3o Mineira de Basketball (FMB), Adilson Jos\u00e9 Mattos, esteve presente no local e elogiou iniciativa. Segundo o profissional, \u201co principal benef\u00edcio deste evento \u00e9 trazer a crian\u00e7a para a pr\u00e1tica do esporte e, em se tratando do basquetebol, \u00e9 legal apresent\u00e1-lo n\u00e3o apenas como um esporte, mas tamb\u00e9m como ferramenta social, cultural e esportiva\u201d.<\/p>\n<p>Ao final do evento, foi oferecida uma mesa com pipoca, picol\u00e9 e frutas para as crian\u00e7as, al\u00e9m de medalhas de participa\u00e7\u00e3o. Os pais tamb\u00e9m puderam participaram de uma gincana, com diversos pr\u00eamios e brindes, como bolas de basquete.<\/p>\n<p>&nbsp;<\/p>\n<p><strong>O projeto<\/strong><\/p>\n<p>O Projeto Mini Basquetebol \u00e9 gratuito e recebe crian\u00e7as dos 7 aos 12 anos, contando hoje com cerca de 50 participantes. A iniciativa \u00e9 voltada para a comunidade e, para participar, basta fazer a inscri\u00e7\u00e3o no gin\u00e1sio da Faefid, durante os treinos \u00e0s ter\u00e7as e quintas-feiras, das 17h30 \u00e0s 19h.<\/p>\n<p>Fonte: UFJF<\/p>\n","protected":false},"excerpt":{"rendered":"<p>A pr\u00e1tica esportiva e a \u00a0presen\u00e7a de valores como a amizade e o respeito pelo pr\u00f3ximo foram celebrados por crian\u00e7as e adultos na manh\u00e3 de s\u00e1bado, 8, com o IV Festival de Mini Basquetebol, realizado no gin\u00e1sio da Faculdade de Educa\u00e7\u00e3o F\u00edsica e Desportos (Faefid) da Universidade Federal de Juiz de Fora (UFJF). O evento [&hellip;]<\/p>\n","protected":false},"author":96,"featured_media":127881,"comment_status":"closed","ping_status":"closed","sticky":false,"template":"","format":"standard","meta":{"footnotes":""},"categories":[257,439],"tags":[],"class_list":["post-127880","post","type-post","status-publish","format-standard","has-post-thumbnail","hentry","category-esporte","category-ultima-hora"],"_links":{"self":[{"href":"https:\/\/diarioregionaldigital.com.br\/index.php?rest_route=\/wp\/v2\/posts\/127880","targetHints":{"allow":["GET"]}}],"collection":[{"href":"https:\/\/diarioregionaldigital.com.br\/index.php?rest_route=\/wp\/v2\/posts"}],"about":[{"href":"https:\/\/diarioregionaldigital.com.br\/index.php?rest_route=\/wp\/v2\/types\/post"}],"author":[{"embeddable":true,"href":"https:\/\/diarioregionaldigital.com.br\/index.php?rest_route=\/wp\/v2\/users\/96"}],"replies":[{"embeddable":true,"href":"https:\/\/diarioregionaldigital.com.br\/index.php?rest_route=%2Fwp%2Fv2%2Fcomments&post=127880"}],"version-history":[{"count":0,"href":"https:\/\/diarioregionaldigital.com.br\/index.php?rest_route=\/wp\/v2\/posts\/127880\/revisions"}],"wp:featuredmedia":[{"embeddable":true,"href":"https:\/\/diarioregionaldigital.com.br\/index.php?rest_route=\/wp\/v2\/media\/127881"}],"wp:attachment":[{"href":"https:\/\/diarioregionaldigital.com.br\/index.php?rest_route=%2Fwp%2Fv2%2Fmedia&parent=127880"}],"wp:term":[{"taxonomy":"category","embeddable":true,"href":"https:\/\/diarioregionaldigital.com.br\/index.php?rest_route=%2Fwp%2Fv2%2Fcategories&post=127880"},{"taxonomy":"post_tag","embeddable":true,"href":"https:\/\/diarioregionaldigital.com.br\/index.php?rest_route=%2Fwp%2Fv2%2Ftags&post=127880"}],"curies":[{"name":"wp","href":"https:\/\/api.w.org\/{rel}","templated":true}]}}