{"id":127871,"date":"2018-12-10T09:04:18","date_gmt":"2018-12-10T11:04:18","guid":{"rendered":"https:\/\/diarioregionaldigital.com.br\/?p=127871"},"modified":"2018-12-10T09:06:57","modified_gmt":"2018-12-10T11:06:57","slug":"policia-militar-encontra-drogas-no-bairro-retiro-em-juiz-de-fora","status":"publish","type":"post","link":"https:\/\/diarioregionaldigital.com.br\/?p=127871","title":{"rendered":"Pol\u00edcia Militar encontra drogas no bairro Retiro em Juiz de Fora"},"content":{"rendered":"<p>Equipes do Grupo Especializado em Radiopatrulhamento (GER) e da Ronda Ostensivas com C\u00e3es (ROCCA) da Pol\u00edcia Militar prenderam nesse domingo, 09, tr\u00eas jovens por tr\u00e1fico de drogas no bairro Retiro, zona Sudeste de Juiz de Fora.<\/p>\n<p>Os policiais realizaram uma busca na Rua Padre Jo\u00e3o Micheletto onde encontraram os autores, que possuem idades entre 18 e 20 anos. Com eles, foram localizados diversas pedras de crack, maconha fracionada e R$360 em dinheiro.<\/p>\n<p>Um dos autores ainda indicou \u00e0 PM um outro im\u00f3vel nas redondezas onde haveria mais drogas. No local, o c\u00e3o Iron, da ROCCA, encontrou 1kg de maconha escondido.<\/p>\n<p>Os autores foram presos em flagrante e encaminhados \u00e0 delegacia.<\/p>\n","protected":false},"excerpt":{"rendered":"<p>Equipes do Grupo Especializado em Radiopatrulhamento (GER) e da Ronda Ostensivas com C\u00e3es (ROCCA) da Pol\u00edcia Militar prenderam nesse domingo, 09, tr\u00eas jovens por tr\u00e1fico de drogas no bairro Retiro, zona Sudeste de Juiz de Fora. Os policiais realizaram uma busca na Rua Padre Jo\u00e3o Micheletto onde encontraram os autores, que possuem idades entre 18 [&hellip;]<\/p>\n","protected":false},"author":96,"featured_media":95836,"comment_status":"closed","ping_status":"closed","sticky":false,"template":"","format":"standard","meta":{"footnotes":""},"categories":[301],"tags":[],"class_list":["post-127871","post","type-post","status-publish","format-standard","has-post-thumbnail","hentry","category-artigos-policiais"],"_links":{"self":[{"href":"https:\/\/diarioregionaldigital.com.br\/index.php?rest_route=\/wp\/v2\/posts\/127871","targetHints":{"allow":["GET"]}}],"collection":[{"href":"https:\/\/diarioregionaldigital.com.br\/index.php?rest_route=\/wp\/v2\/posts"}],"about":[{"href":"https:\/\/diarioregionaldigital.com.br\/index.php?rest_route=\/wp\/v2\/types\/post"}],"author":[{"embeddable":true,"href":"https:\/\/diarioregionaldigital.com.br\/index.php?rest_route=\/wp\/v2\/users\/96"}],"replies":[{"embeddable":true,"href":"https:\/\/diarioregionaldigital.com.br\/index.php?rest_route=%2Fwp%2Fv2%2Fcomments&post=127871"}],"version-history":[{"count":0,"href":"https:\/\/diarioregionaldigital.com.br\/index.php?rest_route=\/wp\/v2\/posts\/127871\/revisions"}],"wp:featuredmedia":[{"embeddable":true,"href":"https:\/\/diarioregionaldigital.com.br\/index.php?rest_route=\/wp\/v2\/media\/95836"}],"wp:attachment":[{"href":"https:\/\/diarioregionaldigital.com.br\/index.php?rest_route=%2Fwp%2Fv2%2Fmedia&parent=127871"}],"wp:term":[{"taxonomy":"category","embeddable":true,"href":"https:\/\/diarioregionaldigital.com.br\/index.php?rest_route=%2Fwp%2Fv2%2Fcategories&post=127871"},{"taxonomy":"post_tag","embeddable":true,"href":"https:\/\/diarioregionaldigital.com.br\/index.php?rest_route=%2Fwp%2Fv2%2Ftags&post=127871"}],"curies":[{"name":"wp","href":"https:\/\/api.w.org\/{rel}","templated":true}]}}