{"id":127869,"date":"2018-12-10T08:52:45","date_gmt":"2018-12-10T10:52:45","guid":{"rendered":"https:\/\/diarioregionaldigital.com.br\/?p=127869"},"modified":"2018-12-10T08:52:45","modified_gmt":"2018-12-10T10:52:45","slug":"jovens-sao-presos-por-trafico-de-drogas-na-zona-sul-de-juiz-de-fora","status":"publish","type":"post","link":"https:\/\/diarioregionaldigital.com.br\/?p=127869","title":{"rendered":"Jovens s\u00e3o presos por tr\u00e1fico de drogas na zona Sul de Juiz de Fora"},"content":{"rendered":"<p>Dois jovens foram presos por tr\u00e1fico de drogas nesse domingo, 09, no bairro Alto dos Passos, na zona Sul de Juiz de Fora.<\/p>\n<p>A Pol\u00edcia Militar chegou at\u00e9 um dos rapazes, de 25 anos, atrav\u00e9s das c\u00e2meras do sistema de monitoramento \u201cOlho Vivo\u201d que indicaram uma pessoa manuseando drogas dentro de um carro na esquina das ruas Padre Jo\u00e3o Em\u00edlio e Bar\u00e3o de Aquino<\/p>\n<p>Na abordagem ao jovem, os policiais encontraram com ele tr\u00eas cigarros de maconha e cerca de R$260 em dinheiro. Durante a revista, um outro jovem, de 20 anos, esteve no local. Com ele, a PM encontrou uma bucha de maconha.<\/p>\n<p>Foi feita ainda uma busca na casa do jovem mais novo, onde foram encontrados dois tabletes de maconha, de aproximadamente, 1 kg.<\/p>\n<p>Os dois foram presos e encaminhados \u00e0 delegacia.<\/p>\n","protected":false},"excerpt":{"rendered":"<p>Dois jovens foram presos por tr\u00e1fico de drogas nesse domingo, 09, no bairro Alto dos Passos, na zona Sul de Juiz de Fora. A Pol\u00edcia Militar chegou at\u00e9 um dos rapazes, de 25 anos, atrav\u00e9s das c\u00e2meras do sistema de monitoramento \u201cOlho Vivo\u201d que indicaram uma pessoa manuseando drogas dentro de um carro na esquina [&hellip;]<\/p>\n","protected":false},"author":96,"featured_media":95836,"comment_status":"closed","ping_status":"closed","sticky":false,"template":"","format":"standard","meta":{"footnotes":""},"categories":[301],"tags":[],"class_list":["post-127869","post","type-post","status-publish","format-standard","has-post-thumbnail","hentry","category-artigos-policiais"],"_links":{"self":[{"href":"https:\/\/diarioregionaldigital.com.br\/index.php?rest_route=\/wp\/v2\/posts\/127869","targetHints":{"allow":["GET"]}}],"collection":[{"href":"https:\/\/diarioregionaldigital.com.br\/index.php?rest_route=\/wp\/v2\/posts"}],"about":[{"href":"https:\/\/diarioregionaldigital.com.br\/index.php?rest_route=\/wp\/v2\/types\/post"}],"author":[{"embeddable":true,"href":"https:\/\/diarioregionaldigital.com.br\/index.php?rest_route=\/wp\/v2\/users\/96"}],"replies":[{"embeddable":true,"href":"https:\/\/diarioregionaldigital.com.br\/index.php?rest_route=%2Fwp%2Fv2%2Fcomments&post=127869"}],"version-history":[{"count":0,"href":"https:\/\/diarioregionaldigital.com.br\/index.php?rest_route=\/wp\/v2\/posts\/127869\/revisions"}],"wp:featuredmedia":[{"embeddable":true,"href":"https:\/\/diarioregionaldigital.com.br\/index.php?rest_route=\/wp\/v2\/media\/95836"}],"wp:attachment":[{"href":"https:\/\/diarioregionaldigital.com.br\/index.php?rest_route=%2Fwp%2Fv2%2Fmedia&parent=127869"}],"wp:term":[{"taxonomy":"category","embeddable":true,"href":"https:\/\/diarioregionaldigital.com.br\/index.php?rest_route=%2Fwp%2Fv2%2Fcategories&post=127869"},{"taxonomy":"post_tag","embeddable":true,"href":"https:\/\/diarioregionaldigital.com.br\/index.php?rest_route=%2Fwp%2Fv2%2Ftags&post=127869"}],"curies":[{"name":"wp","href":"https:\/\/api.w.org\/{rel}","templated":true}]}}