{"id":127866,"date":"2018-12-10T08:25:01","date_gmt":"2018-12-10T10:25:01","guid":{"rendered":"https:\/\/diarioregionaldigital.com.br\/?p=127866"},"modified":"2018-12-10T08:25:01","modified_gmt":"2018-12-10T10:25:01","slug":"cpi-dos-onibus-solicita-documentos-e-agenda-reuniao-com-conselho-municipal-de-transportes","status":"publish","type":"post","link":"https:\/\/diarioregionaldigital.com.br\/?p=127866","title":{"rendered":"CPI dos \u00d4nibus solicita documentos e agenda reuni\u00e3o com Conselho Municipal de Transportes"},"content":{"rendered":"<p>A CPI dos \u00f4nibus realizou sua segunda reuni\u00e3o na manh\u00e3 desta sexta-feira, 7, com a presen\u00e7a dos vereadores Adriano Miranda (PHS) \u2013 presidente da CPI, Sargento Mello Casal (PTB) \u2013 relator, e Z\u00e9 M\u00e1rcio Garotinho (PV). A defini\u00e7\u00e3o do cronograma de reuni\u00f5es e os documentos que ser\u00e3o solicitados \u00e0 Prefeitura de Juiz de Fora (PJF), \u00e0 secretaria de Transporte e Tr\u00e2nsito (Settra) e aos cons\u00f3rcios Manchester e Via JF foram os principais pontos discutidos.<\/p>\n<p>A CPI agendou uma reuni\u00e3o extraordin\u00e1ria para o dia 18 de dezembro, quando todos os membros do Conselho Municipal de Transportes e Tr\u00e2nsito ser\u00e3o convidados. O objetivo \u00e9 ouvir um relato deles sobre os principais problemas do transporte coletivo que o \u00f3rg\u00e3o registrou desde o in\u00edcio das opera\u00e7\u00f5es dos novos cons\u00f3rcios. C\u00f3pias das atas das reuni\u00f5es do conselho ser\u00e3o solicitadas pela CPI.<\/p>\n<p>Al\u00e9m desta extraordin\u00e1ria, ficou definido o cronograma de reuni\u00f5es: 21 de dezembro, 4 e 11 de janeiro e 1\u00ba de fevereiro de 2019. A CPI tem 90 dias para concluir os trabalhos. Contudo, entre os dias 16 e 31 de janeiro &#8211; per\u00edodo de recesso dos vereadores &#8211; n\u00e3o ser\u00e1 registrado na contagem de tempo da CPI, j\u00e1 que as reuni\u00f5es ser\u00e3o interrompidas. Nestes dias de recesso, como informa o presidente da comiss\u00e3o, vereador Adriano Miranda, os parlamentares membros da CPI v\u00e3o se dedicar a analisar todos os documentos que ser\u00e3o solicitados: S\u00e3o eles:<\/p>\n<ul>\n<li>C\u00f3pia integral e f\u00edsica de todo o processo de licita\u00e7\u00e3o do Transporte Coletivo Urbano, com autenticidade atestada por servidor respons\u00e1vel;<\/li>\n<li>C\u00f3pia integral e f\u00edsica dos processos de revis\u00e3o e reajuste de tarifa do transporte coletivo urbano, com autenticidade atestada por servidor respons\u00e1vel;<\/li>\n<li>Identifica\u00e7\u00e3o dos servidores fiscalizadores dos contratos n\u00ba 01.2016.087 e n\u00ba 01.2016.088;<\/li>\n<li>Of\u00edcio \u00e0 Settra solicitando arquivo digital com relat\u00f3rios do GPS contendo itiner\u00e1rio percorrido por todos os ve\u00edculos integrantes da frota de \u00f4nibus, com a devida identifica\u00e7\u00e3o dos ve\u00edculos, datas, hor\u00e1rios e linhas, desde o come\u00e7o da opera\u00e7\u00e3o at\u00e9 a data do recebimento do of\u00edcio;<\/li>\n<li>C\u00f3pias f\u00edsicas, com autenticidade atestada por servidor respons\u00e1vel, de todos os relat\u00f3rios de fiscaliza\u00e7\u00e3o realizados nos ve\u00edculos e cons\u00f3rcios que operam o Transporte Urbano, bem como de todas as penalidades aplicadas em desfavor dos mesmos, desde o come\u00e7o da opera\u00e7\u00e3o, at\u00e9 a data de recebimento do of\u00edcio;<\/li>\n<li>Of\u00edcio aos cons\u00f3rcios Manchester e Via JF solicitando rela\u00e7\u00e3o discriminada de todos os ve\u00edculos que comp\u00f5em a frota do transporte do transporte coletivo urbano em Juiz de Fora, com a devida quilometragrem, apresenta\u00e7\u00e3o da documenta\u00e7\u00e3o relativa aos chassis e carroceria, bem como dos respectivos CRLV\u2019s do exerc\u00edcio de 2018, tudo de modo a permitir a confer\u00eancia da real idade da frota.<\/li>\n<li>Relat\u00f3rio discriminado de todos os servi\u00e7os de manuten\u00e7\u00e3o peri\u00f3dica e reparos realizados nos ve\u00edculos componentes da frota, com a devida identifica\u00e7\u00e3o da data, motivo, e do tempo que o ve\u00edculo ficou fora de circula\u00e7\u00e3o em raz\u00e3o da manuten\u00e7\u00e3o\/reparo.<\/li>\n<\/ul>\n<p>Assim que receberem os of\u00edcios, a PJF, a Settra e os cons\u00f3rcios v\u00e3o ter dois dias \u00fateis para responder os mesmos, podendo ser estendido o prazo, dependendo da complexidade e volume dos documentos.<\/p>\n<p>O vereador Sargento Mello Casal informou que vai anexar aos documentos da CPI uma pesquisa que seu gabinete fez em algumas regi\u00f5es da cidade, em parceria com Associa\u00e7\u00e3o de Moradores, sobre a qualidade do servi\u00e7o do transporte coletivo da cidade.<\/p>\n<p><em>Fonte: Assessoria<\/em><\/p>\n","protected":false},"excerpt":{"rendered":"<p>A CPI dos \u00f4nibus realizou sua segunda reuni\u00e3o na manh\u00e3 desta sexta-feira, 7, com a presen\u00e7a dos vereadores Adriano Miranda (PHS) \u2013 presidente da CPI, Sargento Mello Casal (PTB) \u2013 relator, e Z\u00e9 M\u00e1rcio Garotinho (PV). A defini\u00e7\u00e3o do cronograma de reuni\u00f5es e os documentos que ser\u00e3o solicitados \u00e0 Prefeitura de Juiz de Fora (PJF), [&hellip;]<\/p>\n","protected":false},"author":96,"featured_media":0,"comment_status":"closed","ping_status":"closed","sticky":false,"template":"","format":"standard","meta":{"footnotes":""},"categories":[253,439],"tags":[],"class_list":["post-127866","post","type-post","status-publish","format-standard","hentry","category-cidade","category-ultima-hora"],"_links":{"self":[{"href":"https:\/\/diarioregionaldigital.com.br\/index.php?rest_route=\/wp\/v2\/posts\/127866","targetHints":{"allow":["GET"]}}],"collection":[{"href":"https:\/\/diarioregionaldigital.com.br\/index.php?rest_route=\/wp\/v2\/posts"}],"about":[{"href":"https:\/\/diarioregionaldigital.com.br\/index.php?rest_route=\/wp\/v2\/types\/post"}],"author":[{"embeddable":true,"href":"https:\/\/diarioregionaldigital.com.br\/index.php?rest_route=\/wp\/v2\/users\/96"}],"replies":[{"embeddable":true,"href":"https:\/\/diarioregionaldigital.com.br\/index.php?rest_route=%2Fwp%2Fv2%2Fcomments&post=127866"}],"version-history":[{"count":0,"href":"https:\/\/diarioregionaldigital.com.br\/index.php?rest_route=\/wp\/v2\/posts\/127866\/revisions"}],"wp:attachment":[{"href":"https:\/\/diarioregionaldigital.com.br\/index.php?rest_route=%2Fwp%2Fv2%2Fmedia&parent=127866"}],"wp:term":[{"taxonomy":"category","embeddable":true,"href":"https:\/\/diarioregionaldigital.com.br\/index.php?rest_route=%2Fwp%2Fv2%2Fcategories&post=127866"},{"taxonomy":"post_tag","embeddable":true,"href":"https:\/\/diarioregionaldigital.com.br\/index.php?rest_route=%2Fwp%2Fv2%2Ftags&post=127866"}],"curies":[{"name":"wp","href":"https:\/\/api.w.org\/{rel}","templated":true}]}}