{"id":127864,"date":"2018-12-10T08:14:46","date_gmt":"2018-12-10T10:14:46","guid":{"rendered":"https:\/\/diarioregionaldigital.com.br\/?p=127864"},"modified":"2018-12-10T09:09:25","modified_gmt":"2018-12-10T11:09:25","slug":"homens-assaltam-onibus-no-bairro-grajau","status":"publish","type":"post","link":"https:\/\/diarioregionaldigital.com.br\/?p=127864","title":{"rendered":"Homens assaltam \u00f4nibus no bairro Graja\u00fa"},"content":{"rendered":"<p>O motorista e o cobrador da linha de \u00f4nibus 426 foram assaltados na noite desse domingo, 09, no bairro Graja\u00fa,\u00a0 na zona Leste de Juiz de Fora. O coletivo estava parado na Rua Beliz\u00e1rio de Castro, ponto final da linha, quando os trabalhadores foram surpreendidos por dois assaltantes.<\/p>\n<p>Segundo as v\u00edtimas, de 34 e 38 anos, os autores chegaram armados com rev\u00f3lver e garrucha e anunciaram o assalto. Foram levados rel\u00f3gio, um cord\u00e3o de prata e um total de R$145 em dinheiro. Em seguida, fugiram e n\u00e3o foram localizados.<\/p>\n","protected":false},"excerpt":{"rendered":"<p>O motorista e o cobrador da linha de \u00f4nibus 426 foram assaltados na noite desse domingo, 09, no bairro Graja\u00fa,\u00a0 na zona Leste de Juiz de Fora. O coletivo estava parado na Rua Beliz\u00e1rio de Castro, ponto final da linha, quando os trabalhadores foram surpreendidos por dois assaltantes. Segundo as v\u00edtimas, de 34 e 38 [&hellip;]<\/p>\n","protected":false},"author":96,"featured_media":95836,"comment_status":"closed","ping_status":"closed","sticky":false,"template":"","format":"standard","meta":{"footnotes":""},"categories":[301],"tags":[],"class_list":["post-127864","post","type-post","status-publish","format-standard","has-post-thumbnail","hentry","category-artigos-policiais"],"_links":{"self":[{"href":"https:\/\/diarioregionaldigital.com.br\/index.php?rest_route=\/wp\/v2\/posts\/127864","targetHints":{"allow":["GET"]}}],"collection":[{"href":"https:\/\/diarioregionaldigital.com.br\/index.php?rest_route=\/wp\/v2\/posts"}],"about":[{"href":"https:\/\/diarioregionaldigital.com.br\/index.php?rest_route=\/wp\/v2\/types\/post"}],"author":[{"embeddable":true,"href":"https:\/\/diarioregionaldigital.com.br\/index.php?rest_route=\/wp\/v2\/users\/96"}],"replies":[{"embeddable":true,"href":"https:\/\/diarioregionaldigital.com.br\/index.php?rest_route=%2Fwp%2Fv2%2Fcomments&post=127864"}],"version-history":[{"count":0,"href":"https:\/\/diarioregionaldigital.com.br\/index.php?rest_route=\/wp\/v2\/posts\/127864\/revisions"}],"wp:featuredmedia":[{"embeddable":true,"href":"https:\/\/diarioregionaldigital.com.br\/index.php?rest_route=\/wp\/v2\/media\/95836"}],"wp:attachment":[{"href":"https:\/\/diarioregionaldigital.com.br\/index.php?rest_route=%2Fwp%2Fv2%2Fmedia&parent=127864"}],"wp:term":[{"taxonomy":"category","embeddable":true,"href":"https:\/\/diarioregionaldigital.com.br\/index.php?rest_route=%2Fwp%2Fv2%2Fcategories&post=127864"},{"taxonomy":"post_tag","embeddable":true,"href":"https:\/\/diarioregionaldigital.com.br\/index.php?rest_route=%2Fwp%2Fv2%2Ftags&post=127864"}],"curies":[{"name":"wp","href":"https:\/\/api.w.org\/{rel}","templated":true}]}}