{"id":127861,"date":"2018-12-10T08:02:47","date_gmt":"2018-12-10T10:02:47","guid":{"rendered":"https:\/\/diarioregionaldigital.com.br\/?p=127861"},"modified":"2018-12-10T08:02:47","modified_gmt":"2018-12-10T10:02:47","slug":"dois-pedestres-sao-assaltados-em-juiz-de-fora","status":"publish","type":"post","link":"https:\/\/diarioregionaldigital.com.br\/?p=127861","title":{"rendered":"Dois pedestres s\u00e3o assaltados em Juiz de Fora"},"content":{"rendered":"<p>Dois pedestres foram assaltados nesse domingo, 09, em Juiz de Fora. Segundo registro da Pol\u00edcia Militar (PM), um dos casos aconteceu durante a manh\u00e3, na Rua S\u00e3o Sebasti\u00e3o, na esquina com a Rua Batista de Oliveira, no Centro.<\/p>\n<p>Uma mulher, de 27 anos, passava pela via quando foi abordada por um homem. A v\u00edtima foi agredida pelo assaltante que roubou o celular da jovem e fugiu em uma bicicleta vermelha.\u00a0 A PM realizou rastreamento, mas o autor n\u00e3o foi localizado.<\/p>\n<p>O outro assalto a pedestre aconteceu na Avenida Presidente Juscelino Kubitschek, na altura do bairro Francisco Bernardino, na zona Norte da cidade. Pouco antes das 23h, um homem, 40 anos, caminhava pelo local quando foi surpreendido, pelas costas, por um indiv\u00edduo.<\/p>\n<p>O autor anunciou o assalto e exigiu que a v\u00edtima entregasse o celular. Em seguida, fugiu e n\u00e3o foi localizado.<\/p>\n<p>Segundo o homem assaltado, o assaltante \u00e9 magro, negro e estava com um ferimento na boca.<\/p>\n","protected":false},"excerpt":{"rendered":"<p>Dois pedestres foram assaltados nesse domingo, 09, em Juiz de Fora. Segundo registro da Pol\u00edcia Militar (PM), um dos casos aconteceu durante a manh\u00e3, na Rua S\u00e3o Sebasti\u00e3o, na esquina com a Rua Batista de Oliveira, no Centro. Uma mulher, de 27 anos, passava pela via quando foi abordada por um homem. A v\u00edtima foi [&hellip;]<\/p>\n","protected":false},"author":96,"featured_media":95836,"comment_status":"closed","ping_status":"closed","sticky":false,"template":"","format":"standard","meta":{"footnotes":""},"categories":[301],"tags":[],"class_list":["post-127861","post","type-post","status-publish","format-standard","has-post-thumbnail","hentry","category-artigos-policiais"],"_links":{"self":[{"href":"https:\/\/diarioregionaldigital.com.br\/index.php?rest_route=\/wp\/v2\/posts\/127861","targetHints":{"allow":["GET"]}}],"collection":[{"href":"https:\/\/diarioregionaldigital.com.br\/index.php?rest_route=\/wp\/v2\/posts"}],"about":[{"href":"https:\/\/diarioregionaldigital.com.br\/index.php?rest_route=\/wp\/v2\/types\/post"}],"author":[{"embeddable":true,"href":"https:\/\/diarioregionaldigital.com.br\/index.php?rest_route=\/wp\/v2\/users\/96"}],"replies":[{"embeddable":true,"href":"https:\/\/diarioregionaldigital.com.br\/index.php?rest_route=%2Fwp%2Fv2%2Fcomments&post=127861"}],"version-history":[{"count":0,"href":"https:\/\/diarioregionaldigital.com.br\/index.php?rest_route=\/wp\/v2\/posts\/127861\/revisions"}],"wp:featuredmedia":[{"embeddable":true,"href":"https:\/\/diarioregionaldigital.com.br\/index.php?rest_route=\/wp\/v2\/media\/95836"}],"wp:attachment":[{"href":"https:\/\/diarioregionaldigital.com.br\/index.php?rest_route=%2Fwp%2Fv2%2Fmedia&parent=127861"}],"wp:term":[{"taxonomy":"category","embeddable":true,"href":"https:\/\/diarioregionaldigital.com.br\/index.php?rest_route=%2Fwp%2Fv2%2Fcategories&post=127861"},{"taxonomy":"post_tag","embeddable":true,"href":"https:\/\/diarioregionaldigital.com.br\/index.php?rest_route=%2Fwp%2Fv2%2Ftags&post=127861"}],"curies":[{"name":"wp","href":"https:\/\/api.w.org\/{rel}","templated":true}]}}