{"id":127851,"date":"2018-12-09T15:04:18","date_gmt":"2018-12-09T17:04:18","guid":{"rendered":"https:\/\/diarioregionaldigital.com.br\/?p=127851"},"modified":"2018-12-09T15:04:18","modified_gmt":"2018-12-09T17:04:18","slug":"in-moda-3","status":"publish","type":"post","link":"https:\/\/diarioregionaldigital.com.br\/?p=127851","title":{"rendered":"IN MODA"},"content":{"rendered":"<p><img loading=\"lazy\" decoding=\"async\" class=\"size-medium wp-image-127858 aligncenter\" src=\"https:\/\/diarioregionaldigital.com.br\/wp-content\/uploads\/2018\/12\/TUDO-COMBINANDO-300x180.jpg\" alt=\"\" width=\"300\" height=\"180\" srcset=\"https:\/\/diarioregionaldigital.com.br\/wp-content\/uploads\/2018\/12\/TUDO-COMBINANDO-300x180.jpg 300w, https:\/\/diarioregionaldigital.com.br\/wp-content\/uploads\/2018\/12\/TUDO-COMBINANDO-360x216.jpg 360w, https:\/\/diarioregionaldigital.com.br\/wp-content\/uploads\/2018\/12\/TUDO-COMBINANDO.jpg 554w\" sizes=\"auto, (max-width: 300px) 100vw, 300px\" \/><\/p>\n<p><span style=\"font-size: 14pt\"><strong>COMBINADINHO<\/strong><\/span><\/p>\n<p><span style=\"font-size: 14pt\">J\u00e1 houve o tempo em que combinar tudo era <em>over<\/em> demais, mas os conjuntinhos voltaram com tudo. A tend\u00eancia surgiu nas passarelas de inverno na Europa e j\u00e1 viraram febre. E como toda tend\u00eancia, ela j\u00e1 foi adaptada para o nosso ver\u00e3o tropical. As pe\u00e7as em par d\u00e3o aquele ar fashionista instant\u00e2neo, com as estampas do ver\u00e3o, deixam o look pr\u00e1tico, para aqueles dias que voc\u00ea n\u00e3o quer pensar muito, sem perder o estilo. J\u00e1 experimentou?<\/span><\/p>\n<p>&nbsp;<\/p>\n<p><span style=\"font-size: 14pt\"><strong>NEWS<\/strong><\/span><\/p>\n<p><span style=\"font-size: 14pt\">CHANEL NAS TELINHAS<\/span><\/p>\n<p><span style=\"font-size: 14pt\">A nova s\u00e9rie da Netflix &#8220;Seven Days Out&#8221; mostrar\u00e1\u00a0 os bastidores da semana anterior de grandes eventos. A s\u00e9rie dirigida por\u00a0 Andrew Rossi tem estreia prevista para o\u00a0 dia 21 de dezembro e acompanhar\u00e1 os preparativos do desfile de alta-costura de ver\u00e3o de 2018 da Chanel.<\/span><\/p>\n<p>&nbsp;<\/p>\n<p><img loading=\"lazy\" decoding=\"async\" class=\"alignnone size-medium wp-image-127852 aligncenter\" src=\"https:\/\/diarioregionaldigital.com.br\/wp-content\/uploads\/2018\/12\/CHANEL-NAS-TELINHAS-300x298.jpg\" alt=\"\" width=\"300\" height=\"298\" srcset=\"https:\/\/diarioregionaldigital.com.br\/wp-content\/uploads\/2018\/12\/CHANEL-NAS-TELINHAS-300x298.jpg 300w, https:\/\/diarioregionaldigital.com.br\/wp-content\/uploads\/2018\/12\/CHANEL-NAS-TELINHAS-150x150.jpg 150w, https:\/\/diarioregionaldigital.com.br\/wp-content\/uploads\/2018\/12\/CHANEL-NAS-TELINHAS-180x180.jpg 180w, https:\/\/diarioregionaldigital.com.br\/wp-content\/uploads\/2018\/12\/CHANEL-NAS-TELINHAS-120x120.jpg 120w, https:\/\/diarioregionaldigital.com.br\/wp-content\/uploads\/2018\/12\/CHANEL-NAS-TELINHAS-360x358.jpg 360w, https:\/\/diarioregionaldigital.com.br\/wp-content\/uploads\/2018\/12\/CHANEL-NAS-TELINHAS-80x80.jpg 80w, https:\/\/diarioregionaldigital.com.br\/wp-content\/uploads\/2018\/12\/CHANEL-NAS-TELINHAS.jpg 720w\" sizes=\"auto, (max-width: 300px) 100vw, 300px\" \/><\/p>\n<p><span style=\"font-size: 14pt\">LIVING CORAL<\/span><\/p>\n<p><span style=\"font-size: 14pt\">A cor de 2019 foi anunciada pela Pantone essa semana e as brasileiras j\u00e1 podem adotar o tom, que tem tudo a ver com o nosso ver\u00e3o. \u00c9 o Living Coral! A cor \u00e9 super viva e super democr\u00e1tica, indo vem dos p\u00e9s \u00e0 cabe\u00e7a, seja nos sapatos, nos acess\u00f3rios ou at\u00e9 mesmo em um look monocrom\u00e1tico. J\u00e1 pode incluir na mala de praia porque \u00e9 uma tend\u00eancia certa!<\/span><\/p>\n<p><img loading=\"lazy\" decoding=\"async\" class=\"alignnone size-medium wp-image-127854 aligncenter\" src=\"https:\/\/diarioregionaldigital.com.br\/wp-content\/uploads\/2018\/12\/LIVING-CORAL-300x300.jpg\" alt=\"\" width=\"300\" height=\"300\" srcset=\"https:\/\/diarioregionaldigital.com.br\/wp-content\/uploads\/2018\/12\/LIVING-CORAL-300x300.jpg 300w, https:\/\/diarioregionaldigital.com.br\/wp-content\/uploads\/2018\/12\/LIVING-CORAL-150x150.jpg 150w, https:\/\/diarioregionaldigital.com.br\/wp-content\/uploads\/2018\/12\/LIVING-CORAL-180x180.jpg 180w, https:\/\/diarioregionaldigital.com.br\/wp-content\/uploads\/2018\/12\/LIVING-CORAL-120x120.jpg 120w, https:\/\/diarioregionaldigital.com.br\/wp-content\/uploads\/2018\/12\/LIVING-CORAL-360x360.jpg 360w, https:\/\/diarioregionaldigital.com.br\/wp-content\/uploads\/2018\/12\/LIVING-CORAL-80x80.jpg 80w, https:\/\/diarioregionaldigital.com.br\/wp-content\/uploads\/2018\/12\/LIVING-CORAL.jpg 520w\" sizes=\"auto, (max-width: 300px) 100vw, 300px\" \/><\/p>\n<p>&nbsp;<\/p>\n<p><span style=\"font-size: 14pt\"><strong>CLICK IN MODA<\/strong><\/span><\/p>\n<p><span style=\"font-size: 14pt\">O click dessa semana \u00e9 um registro de Jo\u00e3o Victor Medeiros, com as lindas Rafaela Toledo, Carol Finotti, Laura Andrade e Gabrielle Juscelino. O ensaio eternizou o trabalho realizado por Izabella Assis, que al\u00e9m da cria\u00e7\u00e3o dos looks, foi respons\u00e1vel pela produ\u00e7\u00e3o e beleza.<\/span><\/p>\n<p>&nbsp;<\/p>\n<p><img loading=\"lazy\" decoding=\"async\" class=\"alignnone size-medium wp-image-127857 aligncenter\" src=\"https:\/\/diarioregionaldigital.com.br\/wp-content\/uploads\/2018\/12\/CLICK-IN-MODA-200x300.jpg\" alt=\"\" width=\"200\" height=\"300\" srcset=\"https:\/\/diarioregionaldigital.com.br\/wp-content\/uploads\/2018\/12\/CLICK-IN-MODA-200x300.jpg 200w, https:\/\/diarioregionaldigital.com.br\/wp-content\/uploads\/2018\/12\/CLICK-IN-MODA-768x1152.jpg 768w, https:\/\/diarioregionaldigital.com.br\/wp-content\/uploads\/2018\/12\/CLICK-IN-MODA-682x1024.jpg 682w, https:\/\/diarioregionaldigital.com.br\/wp-content\/uploads\/2018\/12\/CLICK-IN-MODA-360x540.jpg 360w, https:\/\/diarioregionaldigital.com.br\/wp-content\/uploads\/2018\/12\/CLICK-IN-MODA.jpg 853w\" sizes=\"auto, (max-width: 200px) 100vw, 200px\" \/><\/p>\n<p>&nbsp;<\/p>\n<p><span style=\"font-size: 14pt\"><strong>BELEZA<\/strong><\/span><\/p>\n<p><span style=\"font-size: 14pt\">O ver\u00e3o j\u00e1 bate \u00e0 nossa porta, prometendo recordes de temperatura! Ent\u00e3o fique atenta \u00e0 alguns cuidados para aproveitar a esta\u00e7\u00e3o sem abrir m\u00e3o do bem-estar!<\/span><\/p>\n<p><span style=\"font-size: 14pt\"><strong>\u00a0<\/strong><\/span><\/p>\n<p><span style=\"font-size: 14pt\">PELE<\/span><\/p>\n<p><span style=\"font-size: 14pt\">O filtro solar \u00e9 obrigat\u00f3rio e vale o investimento. Um bom protetor te garante uma pele saud\u00e1vel e radiante o ano todo,\u00a0<\/span><br \/>\n<span style=\"font-size: 14pt\">mas no ver\u00e3o \u00e9 indispens\u00e1vel a aplica\u00e7\u00e3o. Por isso \u00e9 importante usar um produto para o corpo e\u00a0<\/span><br \/>\n<span style=\"font-size: 14pt\">apostar em um bom filtro para o rosto, mais adequado ao seu tipo dermatol\u00f3gico, como os de toque seco, pr\u00f3prio para peles\u00a0<\/span><br \/>\n<span style=\"font-size: 14pt\">oleosas por exemplo, podendo inclusive optar por um protetor solar com cor, substituindo at\u00e9 mesmo a base di\u00e1ria.\u00a0\u00a0 Inclusive na maquiagem a tend\u00eancia mais do que nunca \u00e9 o aspecto de pele saud\u00e1vel. Os acabamentos matte j\u00e1 foram uma verdadeira febre o mundo das makes tanto em bases como em batons. Mas o gloss que \u00e9 um velho aliado do universo feminino est\u00e1 de volta pra mostrar que um acabamento iluminado pode dar um novo charme na sua make, principalmente no ver\u00e3o. Corriqueiramente usado nos l\u00e1bios, o gloss agora vem sendo usado tamb\u00e9m nas p\u00e1lpebras, \u00e9 o chamado efeito glossy, que pode ser finalizado com algumas camadinhas de m\u00e1scara de c\u00edlios resulta em uma make super clean.<\/span><\/p>\n<p>&nbsp;<\/p>\n<p><img loading=\"lazy\" decoding=\"async\" class=\"alignnone size-medium wp-image-127853 aligncenter\" src=\"https:\/\/diarioregionaldigital.com.br\/wp-content\/uploads\/2018\/12\/PELE-268x300.jpg\" alt=\"\" width=\"268\" height=\"300\" srcset=\"https:\/\/diarioregionaldigital.com.br\/wp-content\/uploads\/2018\/12\/PELE-268x300.jpg 268w, https:\/\/diarioregionaldigital.com.br\/wp-content\/uploads\/2018\/12\/PELE-360x403.jpg 360w, https:\/\/diarioregionaldigital.com.br\/wp-content\/uploads\/2018\/12\/PELE.jpg 640w\" sizes=\"auto, (max-width: 268px) 100vw, 268px\" \/><\/p>\n<p>&nbsp;<\/p>\n<p><span style=\"font-size: 14pt\">CABELOS<\/span><\/p>\n<p><span style=\"font-size: 14pt\">Assim como a pele, os cabelos tamb\u00e9m est\u00e3o sujeitos aos danos da esta\u00e7\u00e3o mais quente do ano. Tanto a \u00e1gua do mar e piscina\u00a0<\/span><br \/>\n<span style=\"font-size: 14pt\">podem prejudicar os fios, quanto o sol. Deixar os cabelos livres do cloro ou sal quando sair da \u00e1gua \u00e9 essencial, al\u00e9m de\u00a0<\/span><br \/>\n<span style=\"font-size: 14pt\">hidrat\u00e1-los sempre que poss\u00edvel. Abuse dos cremes sem enx\u00e1gue e ol\u00e9os que oferecem prote\u00e7\u00e3o contra os raios UVA\/UVB.<\/span><\/p>\n<p><span style=\"font-size: 14pt\"><strong>\u00a0<\/strong><\/span><\/p>\n<p><img loading=\"lazy\" decoding=\"async\" class=\"alignnone size-medium wp-image-127855 aligncenter\" src=\"https:\/\/diarioregionaldigital.com.br\/wp-content\/uploads\/2018\/12\/CABELOS-200x300.jpg\" alt=\"\" width=\"200\" height=\"300\" srcset=\"https:\/\/diarioregionaldigital.com.br\/wp-content\/uploads\/2018\/12\/CABELOS-200x300.jpg 200w, https:\/\/diarioregionaldigital.com.br\/wp-content\/uploads\/2018\/12\/CABELOS-768x1152.jpg 768w, https:\/\/diarioregionaldigital.com.br\/wp-content\/uploads\/2018\/12\/CABELOS-683x1024.jpg 683w, https:\/\/diarioregionaldigital.com.br\/wp-content\/uploads\/2018\/12\/CABELOS-360x540.jpg 360w, https:\/\/diarioregionaldigital.com.br\/wp-content\/uploads\/2018\/12\/CABELOS.jpg 1200w\" sizes=\"auto, (max-width: 200px) 100vw, 200px\" \/><\/p>\n<p><span style=\"font-size: 14pt\">ABUSOU DO SOL?<\/span><\/p>\n<p><span style=\"font-size: 14pt\">Agora o que resta \u00e9 hidratar! Tanto ingerindo bastante l\u00edquido, quanto acalmando a pele com lo\u00e7\u00f5es a base de aloe vera e camomila. Um hidratante corporal mais potente tamb\u00e9m pode ser uma boa op\u00e7\u00e3o.\u00a0<\/span><\/p>\n<p>&nbsp;<\/p>\n<p style=\"text-align: center\"><img loading=\"lazy\" decoding=\"async\" class=\"alignnone size-medium wp-image-127856\" src=\"https:\/\/diarioregionaldigital.com.br\/wp-content\/uploads\/2018\/12\/ABUSOU-DO-SOL-239x300.jpg\" alt=\"\" width=\"239\" height=\"300\" srcset=\"https:\/\/diarioregionaldigital.com.br\/wp-content\/uploads\/2018\/12\/ABUSOU-DO-SOL-239x300.jpg 239w, https:\/\/diarioregionaldigital.com.br\/wp-content\/uploads\/2018\/12\/ABUSOU-DO-SOL-360x451.jpg 360w, https:\/\/diarioregionaldigital.com.br\/wp-content\/uploads\/2018\/12\/ABUSOU-DO-SOL.jpg 620w\" sizes=\"auto, (max-width: 239px) 100vw, 239px\" \/><\/p>\n<p><strong>\u00a0<\/strong><\/p>\n<p>&nbsp;<\/p>\n<p style=\"text-align: right\"><strong>Colaboradoras:<\/strong><\/p>\n<p style=\"text-align: right\">Deusiane Ladeira<\/p>\n<p style=\"text-align: right\">Izabella Assis<\/p>\n<p style=\"text-align: right\">Mariana Matos<\/p>\n<p>&nbsp;<\/p>\n","protected":false},"excerpt":{"rendered":"<p>COMBINADINHO J\u00e1 houve o tempo em que combinar tudo era over demais, mas os conjuntinhos voltaram com tudo. A tend\u00eancia surgiu nas passarelas de inverno na Europa e j\u00e1 viraram febre. E como toda tend\u00eancia, ela j\u00e1 foi adaptada para o nosso ver\u00e3o tropical. As pe\u00e7as em par d\u00e3o aquele ar fashionista instant\u00e2neo, com as [&hellip;]<\/p>\n","protected":false},"author":96,"featured_media":0,"comment_status":"closed","ping_status":"closed","sticky":false,"template":"","format":"standard","meta":{"footnotes":""},"categories":[285],"tags":[],"class_list":["post-127851","post","type-post","status-publish","format-standard","hentry","category-moda-ana-paula-calixto"],"_links":{"self":[{"href":"https:\/\/diarioregionaldigital.com.br\/index.php?rest_route=\/wp\/v2\/posts\/127851","targetHints":{"allow":["GET"]}}],"collection":[{"href":"https:\/\/diarioregionaldigital.com.br\/index.php?rest_route=\/wp\/v2\/posts"}],"about":[{"href":"https:\/\/diarioregionaldigital.com.br\/index.php?rest_route=\/wp\/v2\/types\/post"}],"author":[{"embeddable":true,"href":"https:\/\/diarioregionaldigital.com.br\/index.php?rest_route=\/wp\/v2\/users\/96"}],"replies":[{"embeddable":true,"href":"https:\/\/diarioregionaldigital.com.br\/index.php?rest_route=%2Fwp%2Fv2%2Fcomments&post=127851"}],"version-history":[{"count":0,"href":"https:\/\/diarioregionaldigital.com.br\/index.php?rest_route=\/wp\/v2\/posts\/127851\/revisions"}],"wp:attachment":[{"href":"https:\/\/diarioregionaldigital.com.br\/index.php?rest_route=%2Fwp%2Fv2%2Fmedia&parent=127851"}],"wp:term":[{"taxonomy":"category","embeddable":true,"href":"https:\/\/diarioregionaldigital.com.br\/index.php?rest_route=%2Fwp%2Fv2%2Fcategories&post=127851"},{"taxonomy":"post_tag","embeddable":true,"href":"https:\/\/diarioregionaldigital.com.br\/index.php?rest_route=%2Fwp%2Fv2%2Ftags&post=127851"}],"curies":[{"name":"wp","href":"https:\/\/api.w.org\/{rel}","templated":true}]}}