{"id":127827,"date":"2018-12-08T13:19:35","date_gmt":"2018-12-08T15:19:35","guid":{"rendered":"https:\/\/diarioregionaldigital.com.br\/?p=127827"},"modified":"2018-12-08T13:19:35","modified_gmt":"2018-12-08T15:19:35","slug":"ubs-do-bairro-igrejinha-fica-fechada-por-dez-dias-para-reforma","status":"publish","type":"post","link":"https:\/\/diarioregionaldigital.com.br\/?p=127827","title":{"rendered":"UBS do Bairro Igrejinha fica fechada por dez dias para reforma"},"content":{"rendered":"<p>A Unidade B\u00e1sica de Sa\u00fade (UBS) do Bairro Igrejinha ficar\u00e1 fechada para reformas entre os dias 10 e 20. Durante esse per\u00edodo, o atendimento aos usu\u00e1rios ser\u00e1 feito nas unidades de Benfica e Humait\u00e1, onde os profissionais de Igrejinha estar\u00e3o lotados temporariamente. Desta forma, a Secretaria de Sa\u00fade (SS) da Prefeitura de Juiz de Fora (PJF) garantir\u00e1 o acesso dos moradores da regi\u00e3o aos servi\u00e7os.<\/p>\n<p>De acordo com o subsecret\u00e1rio de Aten\u00e7\u00e3o Prim\u00e1ria \u00e0 Sa\u00fade, Thiago Horta, a obra vem sendo executada h\u00e1 cerca de quatro meses, sem necessidade de suspens\u00e3o do atendimento no local. No entanto, nesta fase estrutural, quando ser\u00e1 executada troca das redes de esgoto e el\u00e9trica, al\u00e9m da substitui\u00e7\u00e3o do piso, n\u00e3o h\u00e1 como manter: \u201cEsta obra \u00e9 importante para melhorarmos a qualidade do atendimento \u00e0quela popula\u00e7\u00e3o\u201d.<\/p>\n<p>Os trabalhos foram iniciados em agosto, para cria\u00e7\u00e3o de seis novos ambientes, permitindo a instala\u00e7\u00e3o de mais tr\u00eas consult\u00f3rios m\u00e9dicos e um ginecol\u00f3gico. Tamb\u00e9m est\u00e3o sendo criadas salas de cuidados b\u00e1sicos e curativos, recep\u00e7\u00e3o e arquivos, e espa\u00e7o para reuni\u00f5es e trabalhos de educa\u00e7\u00e3o em sa\u00fade. A expectativa \u00e9 de que a amplia\u00e7\u00e3o seja conclu\u00edda at\u00e9 final de fevereiro.<\/p>\n<p>Fonte: PJF<\/p>\n","protected":false},"excerpt":{"rendered":"<p>A Unidade B\u00e1sica de Sa\u00fade (UBS) do Bairro Igrejinha ficar\u00e1 fechada para reformas entre os dias 10 e 20. Durante esse per\u00edodo, o atendimento aos usu\u00e1rios ser\u00e1 feito nas unidades de Benfica e Humait\u00e1, onde os profissionais de Igrejinha estar\u00e3o lotados temporariamente. Desta forma, a Secretaria de Sa\u00fade (SS) da Prefeitura de Juiz de Fora [&hellip;]<\/p>\n","protected":false},"author":96,"featured_media":127828,"comment_status":"closed","ping_status":"closed","sticky":false,"template":"","format":"standard","meta":{"footnotes":""},"categories":[253,436,439],"tags":[],"class_list":["post-127827","post","type-post","status-publish","format-standard","has-post-thumbnail","hentry","category-cidade","category-destaque-da-semana","category-ultima-hora"],"_links":{"self":[{"href":"https:\/\/diarioregionaldigital.com.br\/index.php?rest_route=\/wp\/v2\/posts\/127827","targetHints":{"allow":["GET"]}}],"collection":[{"href":"https:\/\/diarioregionaldigital.com.br\/index.php?rest_route=\/wp\/v2\/posts"}],"about":[{"href":"https:\/\/diarioregionaldigital.com.br\/index.php?rest_route=\/wp\/v2\/types\/post"}],"author":[{"embeddable":true,"href":"https:\/\/diarioregionaldigital.com.br\/index.php?rest_route=\/wp\/v2\/users\/96"}],"replies":[{"embeddable":true,"href":"https:\/\/diarioregionaldigital.com.br\/index.php?rest_route=%2Fwp%2Fv2%2Fcomments&post=127827"}],"version-history":[{"count":0,"href":"https:\/\/diarioregionaldigital.com.br\/index.php?rest_route=\/wp\/v2\/posts\/127827\/revisions"}],"wp:featuredmedia":[{"embeddable":true,"href":"https:\/\/diarioregionaldigital.com.br\/index.php?rest_route=\/wp\/v2\/media\/127828"}],"wp:attachment":[{"href":"https:\/\/diarioregionaldigital.com.br\/index.php?rest_route=%2Fwp%2Fv2%2Fmedia&parent=127827"}],"wp:term":[{"taxonomy":"category","embeddable":true,"href":"https:\/\/diarioregionaldigital.com.br\/index.php?rest_route=%2Fwp%2Fv2%2Fcategories&post=127827"},{"taxonomy":"post_tag","embeddable":true,"href":"https:\/\/diarioregionaldigital.com.br\/index.php?rest_route=%2Fwp%2Fv2%2Ftags&post=127827"}],"curies":[{"name":"wp","href":"https:\/\/api.w.org\/{rel}","templated":true}]}}