{"id":127825,"date":"2018-12-08T13:14:59","date_gmt":"2018-12-08T15:14:59","guid":{"rendered":"https:\/\/diarioregionaldigital.com.br\/?p=127825"},"modified":"2018-12-08T13:14:59","modified_gmt":"2018-12-08T15:14:59","slug":"resultado-de-cadastramento-para-creches-e-divulgado-e-matriculas-comecam-na-segunda-feira","status":"publish","type":"post","link":"https:\/\/diarioregionaldigital.com.br\/?p=127825","title":{"rendered":"Resultado de cadastramento para creches \u00e9 divulgado e matr\u00edculas come\u00e7am na segunda-feira"},"content":{"rendered":"<p>Secretaria de Educa\u00e7\u00e3o (SE) da Prefeitura de Juiz de Fora (PJF) divulgou o resultado do cadastramento para creches, que contemplou mais de 1.300 crian\u00e7as, entre zero e tr\u00eas anos. Confira o resultado do processo no\u00a0<a href=\"https:\/\/www.pjf.mg.gov.br\/secretarias\/se\/creches\/conveniadas\/2019\/index.php\">link<\/a>.<\/p>\n<p>Algumas institui\u00e7\u00f5es ainda atender\u00e3o crian\u00e7as de quatro e cinco anos. O cadastro, realizado em novembro, foi para aqueles que procuram obter vaga em creches p\u00fablicas ou parceiras da PJF. O per\u00edodo de matr\u00edcula come\u00e7ar\u00e1 na segunda-feira, 10, e vai at\u00e9 o dia 18, devendo ser realizada na pr\u00f3pria institui\u00e7\u00e3o onde a crian\u00e7a foi contemplada. L\u00e1, ser\u00e1 agendada a entrada da crian\u00e7a na creche, conforme regras estabelecidas no Projeto Pol\u00edtico Pedag\u00f3gico de cada institui\u00e7\u00e3o.<\/p>\n<p><b>Documentos necess\u00e1rios para matr\u00edcula (original e c\u00f3pia):<\/b><\/p>\n<p>&#8211; Certid\u00e3o de nascimento;<\/p>\n<p>&#8211; Carteira de vacina\u00e7\u00e3o;<\/p>\n<p>&#8211; Cadastro de Pessoa F\u00edsica (CPF) e carteira de identidade (RG) do pai, da m\u00e3e e\/ou do respons\u00e1vel legal;<\/p>\n<p>&#8211; Declara\u00e7\u00e3o de guarda emitida pelo Juizado da Inf\u00e2ncia e Juventude, caso esta seja a situa\u00e7\u00e3o familiar da crian\u00e7a;<\/p>\n<p>&#8211; Comprovante de resid\u00eancia;<\/p>\n<p>&#8211; Protocolo do visto de perman\u00eancia para as fam\u00edlias estrangeiras;<\/p>\n<p>&#8211; C\u00f3pia do cart\u00e3o do Sistema \u00danico de Sa\u00fade (SUS);<\/p>\n<p>&#8211; N\u00famero de Identifica\u00e7\u00e3o Social (NIS) da crian\u00e7a.<\/p>\n<p>A creche poder\u00e1 solicitar alguns documentos complementares. D\u00favidas podem ser esclarecidas na SE, pelos telefones 3690-7721 e 3690-7995.<\/p>\n<p>Fonte: PJF<\/p>\n","protected":false},"excerpt":{"rendered":"<p>Secretaria de Educa\u00e7\u00e3o (SE) da Prefeitura de Juiz de Fora (PJF) divulgou o resultado do cadastramento para creches, que contemplou mais de 1.300 crian\u00e7as, entre zero e tr\u00eas anos. Confira o resultado do processo no\u00a0link. Algumas institui\u00e7\u00f5es ainda atender\u00e3o crian\u00e7as de quatro e cinco anos. O cadastro, realizado em novembro, foi para aqueles que procuram [&hellip;]<\/p>\n","protected":false},"author":96,"featured_media":112697,"comment_status":"closed","ping_status":"closed","sticky":false,"template":"","format":"standard","meta":{"footnotes":""},"categories":[253,436,439],"tags":[],"class_list":["post-127825","post","type-post","status-publish","format-standard","has-post-thumbnail","hentry","category-cidade","category-destaque-da-semana","category-ultima-hora"],"_links":{"self":[{"href":"https:\/\/diarioregionaldigital.com.br\/index.php?rest_route=\/wp\/v2\/posts\/127825","targetHints":{"allow":["GET"]}}],"collection":[{"href":"https:\/\/diarioregionaldigital.com.br\/index.php?rest_route=\/wp\/v2\/posts"}],"about":[{"href":"https:\/\/diarioregionaldigital.com.br\/index.php?rest_route=\/wp\/v2\/types\/post"}],"author":[{"embeddable":true,"href":"https:\/\/diarioregionaldigital.com.br\/index.php?rest_route=\/wp\/v2\/users\/96"}],"replies":[{"embeddable":true,"href":"https:\/\/diarioregionaldigital.com.br\/index.php?rest_route=%2Fwp%2Fv2%2Fcomments&post=127825"}],"version-history":[{"count":0,"href":"https:\/\/diarioregionaldigital.com.br\/index.php?rest_route=\/wp\/v2\/posts\/127825\/revisions"}],"wp:featuredmedia":[{"embeddable":true,"href":"https:\/\/diarioregionaldigital.com.br\/index.php?rest_route=\/wp\/v2\/media\/112697"}],"wp:attachment":[{"href":"https:\/\/diarioregionaldigital.com.br\/index.php?rest_route=%2Fwp%2Fv2%2Fmedia&parent=127825"}],"wp:term":[{"taxonomy":"category","embeddable":true,"href":"https:\/\/diarioregionaldigital.com.br\/index.php?rest_route=%2Fwp%2Fv2%2Fcategories&post=127825"},{"taxonomy":"post_tag","embeddable":true,"href":"https:\/\/diarioregionaldigital.com.br\/index.php?rest_route=%2Fwp%2Fv2%2Ftags&post=127825"}],"curies":[{"name":"wp","href":"https:\/\/api.w.org\/{rel}","templated":true}]}}