{"id":127814,"date":"2018-12-08T13:02:03","date_gmt":"2018-12-08T15:02:03","guid":{"rendered":"https:\/\/diarioregionaldigital.com.br\/?p=127814"},"modified":"2018-12-08T13:02:03","modified_gmt":"2018-12-08T15:02:03","slug":"guedes-anuncia-seis-secretarios-da-nova-equipe-economica","status":"publish","type":"post","link":"https:\/\/diarioregionaldigital.com.br\/?p=127814","title":{"rendered":"Guedes anuncia seis secret\u00e1rios da nova equipe econ\u00f4mica"},"content":{"rendered":"<p>O futuro ministro da Economia, Paulo Guedes, confirmou neste s\u00e1bado, 8, o nome de Marcelo Guaranys, ex-diretor da\u00a0Ag\u00eancia Nacional de Avia\u00e7\u00e3o Civil (Anac), como secret\u00e1rio-executivo da pasta.<\/p>\n<p>Servidor da carreira de Analista de Finan\u00e7as e Controle do Tesouro Nacional, Guaranys \u00e9 mestre em Direito P\u00fablico pela Universidade de Bras\u00edlia e \u00e9 o atual Subchefe de An\u00e1lise e Acompanhamento de Pol\u00edticas Governamentais da Casa Civil da Presid\u00eancia da Rep\u00fablica.<\/p>\n<h2>Equipe<\/h2>\n<p>Guedes confirmou hoje, em nota, seis novos nomes de sua equipe. Como secret\u00e1rio geral da Fazenda, o escolhido foi Waldery Rodrigues J\u00fanior. Engenheiro formado pelo ITA, mestre e doutor em economia, Rodrigues Junior tem larga experi\u00eancia no setor p\u00fablico. \u00c9 pesquisador concursado pelo Instituto de Pesquisa Econ\u00f4mica e Aplicada (Ipea) e consultor do Senado Federal na \u00e1rea pol\u00edtica econ\u00f4mica.<\/p>\n<p>O atual ministro\u00a0do Planejamento, Desenvolvimento e Gest\u00e3o, Esteves Colnago, ser\u00e1 o\u00a0secret\u00e1rio geral adjunto da Fazenda.<\/p>\n<p>O secret\u00e1rio geral de Desburocratiza\u00e7\u00e3o, Gest\u00e3o e Governo Digital ser\u00e1 Paulo Uebel, ex-diretor executivo do Instituto Millenium, fundado por Guedes para promover o liberalismo econ\u00f4mico. Ele \u00e9 especialista em direito tribut\u00e1rio, financeiro e econ\u00f4mico. Foi secret\u00e1rio de Gest\u00e3o da prefeitura de S\u00e3o Paulo e CEO Global do Lide\u00a0&#8211; Grupo de L\u00edderes Empresariais.<\/p>\n<p>Servidor da carreira de Especialista em Pol\u00edticas P\u00fablicas e Gest\u00e3o Governamental, Gleisson Cardoso Rubin ser\u00e1 o novo secret\u00e1rio geral adjunto de Desburocratiza\u00e7\u00e3o, Gest\u00e3o e Governo Digital. Atualmente, ele ocupa o cargo de secret\u00e1rio-executivo do Minist\u00e9rio do Planejamento.<\/p>\n<p>O economista Carlos da Costa ocupar\u00e1 o cargo de secret\u00e1rio geral de Produtividade e Competitividade. Ele j\u00e1 foi diretor de Planejamento, Cr\u00e9dito e Tecnologia do Banco Nacional do Desenvolvimento Econ\u00f4mico e Social (BNDES). Antes disso, presidiu o Instituto de Performance e Lideran\u00e7a e foi s\u00f3cio-diretor do Ibmec Educacional.<\/p>\n<p>Fonte: Ag\u00eancia Brasil<\/p>\n","protected":false},"excerpt":{"rendered":"<p>O futuro ministro da Economia, Paulo Guedes, confirmou neste s\u00e1bado, 8, o nome de Marcelo Guaranys, ex-diretor da\u00a0Ag\u00eancia Nacional de Avia\u00e7\u00e3o Civil (Anac), como secret\u00e1rio-executivo da pasta. Servidor da carreira de Analista de Finan\u00e7as e Controle do Tesouro Nacional, Guaranys \u00e9 mestre em Direito P\u00fablico pela Universidade de Bras\u00edlia e \u00e9 o atual Subchefe de [&hellip;]<\/p>\n","protected":false},"author":96,"featured_media":127815,"comment_status":"closed","ping_status":"closed","sticky":false,"template":"","format":"standard","meta":{"footnotes":""},"categories":[436,440,261,439],"tags":[],"class_list":["post-127814","post","type-post","status-publish","format-standard","has-post-thumbnail","hentry","category-destaque-da-semana","category-destaques-do-dia","category-economia","category-ultima-hora"],"_links":{"self":[{"href":"https:\/\/diarioregionaldigital.com.br\/index.php?rest_route=\/wp\/v2\/posts\/127814","targetHints":{"allow":["GET"]}}],"collection":[{"href":"https:\/\/diarioregionaldigital.com.br\/index.php?rest_route=\/wp\/v2\/posts"}],"about":[{"href":"https:\/\/diarioregionaldigital.com.br\/index.php?rest_route=\/wp\/v2\/types\/post"}],"author":[{"embeddable":true,"href":"https:\/\/diarioregionaldigital.com.br\/index.php?rest_route=\/wp\/v2\/users\/96"}],"replies":[{"embeddable":true,"href":"https:\/\/diarioregionaldigital.com.br\/index.php?rest_route=%2Fwp%2Fv2%2Fcomments&post=127814"}],"version-history":[{"count":0,"href":"https:\/\/diarioregionaldigital.com.br\/index.php?rest_route=\/wp\/v2\/posts\/127814\/revisions"}],"wp:featuredmedia":[{"embeddable":true,"href":"https:\/\/diarioregionaldigital.com.br\/index.php?rest_route=\/wp\/v2\/media\/127815"}],"wp:attachment":[{"href":"https:\/\/diarioregionaldigital.com.br\/index.php?rest_route=%2Fwp%2Fv2%2Fmedia&parent=127814"}],"wp:term":[{"taxonomy":"category","embeddable":true,"href":"https:\/\/diarioregionaldigital.com.br\/index.php?rest_route=%2Fwp%2Fv2%2Fcategories&post=127814"},{"taxonomy":"post_tag","embeddable":true,"href":"https:\/\/diarioregionaldigital.com.br\/index.php?rest_route=%2Fwp%2Fv2%2Ftags&post=127814"}],"curies":[{"name":"wp","href":"https:\/\/api.w.org\/{rel}","templated":true}]}}