{"id":127811,"date":"2018-12-08T12:58:28","date_gmt":"2018-12-08T14:58:28","guid":{"rendered":"https:\/\/diarioregionaldigital.com.br\/?p=127811"},"modified":"2018-12-08T12:58:28","modified_gmt":"2018-12-08T14:58:28","slug":"brasil-enfrenta-desafios-para-controlar-mercurio-na-natureza","status":"publish","type":"post","link":"https:\/\/diarioregionaldigital.com.br\/?p=127811","title":{"rendered":"Brasil enfrenta desafios para controlar merc\u00fario na natureza"},"content":{"rendered":"<p>O Brasil enfrenta desafios para controlar o lan\u00e7amento de\u00a0merc\u00fario\u00a0na natureza e eliminar o uso da subst\u00e2ncia em alguns setores da ind\u00fastria, mostra levantamento da WWF-Brasil, divulgado neste\u00a0<span id=\"OBJ_PREFIX_DWT1439_com_zimbra_date\"><span id=\"OBJ_PREFIX_DWT1489_com_zimbra_date\"><span id=\"OBJ_PREFIX_DWT174_com_zimbra_date\" role=\"link\">s\u00e1bado,\u00a0<\/span><\/span><\/span>8. O contato com o metal l\u00edquido \u00e9 prejudicial ao meio ambiente e \u00e0 sa\u00fade humana, podendo causar danos aos sistemas nervoso, digestivo e imunol\u00f3gico.<\/p>\n<p>A organiza\u00e7\u00e3o estima que a atividade ilegal de garimpo de ouro libera entre 7,5 e 60 toneladas de\u00a0merc\u00fario\u00a0por ano nas \u00e1guas e solos de importantes ecossistemas do pa\u00eds. A explora\u00e7\u00e3o tamb\u00e9m provoca a libera\u00e7\u00e3o de um volume ainda maior de\u00a0merc\u00fario\u00a0na atmosfera, de acordo com o levantamento.<\/p>\n<p>O estudo foi feito em parceria com a ONU Meio Ambiente e indica que pesquisas cient\u00edficas j\u00e1 registraram a contamina\u00e7\u00e3o de pessoas e peixes na Amaz\u00f4nia. No ano passado, um dos estudos do WWF revelou que 81% dos peixes coletados na regi\u00e3o do Parque Nacional Tumucumaque, no Amap\u00e1, estavam contaminados com\u00a0merc\u00fario.<\/p>\n<p>A pesquisa tamb\u00e9m detectou que o n\u00edvel de\u00a0merc\u00fario\u00a0encontrado nas amostras superava os limites permitidos pela Organiza\u00e7\u00e3o Mundial da Sa\u00fade (OMS). Na \u00e1rea da pesquisa, o\u00a0merc\u00fario\u00a0\u00e9 usado na minera\u00e7\u00e3o de ouro, atividade realizada em pequena escala na fronteira do Brasil com o Suriname e a Guiana Francesa. Em outro ponto da Regi\u00e3o Norte, a explora\u00e7\u00e3o ilegal resultou tamb\u00e9m na contamina\u00e7\u00e3o de ind\u00edgenas da etnia Yanomami.<\/p>\n<p>As popula\u00e7\u00f5es de outras regi\u00f5es do pa\u00eds tamb\u00e9m est\u00e3o amea\u00e7adas, principalmente onde atuam quatro f\u00e1bricas de cloro e soda c\u00e1ustica que ainda usam\u00a0merc\u00fario e mant\u00eam em estoque cerca de 200 toneladas do metal. As empresas dever\u00e3o ser desativadas at\u00e9 2025, contudo o destino do\u00a0merc\u00fario\u00a0utilizado n\u00e3o foi definido.<\/p>\n<p><strong>Conven\u00e7\u00e3o<\/strong><\/p>\n<p>O Brasil faz parte da chamada\u00a0Conven\u00e7\u00e3o de Minamata, acordo internacional que limita o uso de\u00a0merc\u00fario. Minamata \u00e9 o nome da cidade japonesa onde cerca de 900 pessoas morreram e 5 mil foram contaminadas pela subst\u00e2ncia, depois de terem consumido peixes de uma ba\u00eda que recebia res\u00edduos de\u00a0merc\u00fario descartado por uma f\u00e1brica de PVC.<\/p>\n<p>O fato ocorreu no in\u00edcio do s\u00e9culo passado. Em 2013, tamb\u00e9m no Jap\u00e3o, a Conven\u00e7\u00e3o foi assinada por 140 pa\u00edses, entre eles o Brasil. O governo brasileiro promulgou a ades\u00e3o do pa\u00eds \u00e0 conven\u00e7\u00e3o em agosto deste ano e se comprometeu a cumprir\u00a0metas de elimina\u00e7\u00e3o\u00a0do projeto at\u00e9 2020.<\/p>\n<p>Os pa\u00edses signat\u00e1rios da conven\u00e7\u00e3o devem identificar os estoques existentes da subst\u00e2ncia em seus territ\u00f3rios e proibir at\u00e9 2020 a produ\u00e7\u00e3o e o com\u00e9rcio do metal. Produtos como baterias, l\u00e2mpadas, cosm\u00e9ticos, pesticidas ou o\u00a0am\u00e1lgama\u00a0usado para restaura\u00e7\u00f5es dent\u00e1rias e equipamentos como\u00a0term\u00f4metro\u00a0e aparelhos de press\u00e3o, entre outros, devem eliminar o uso de\u00a0merc\u00fario\u00a0nesse prazo.<\/p>\n<p>Os compromissos do pa\u00eds foram reafirmados durante a\u00a0<span id=\"OBJ_PREFIX_DWT1440_com_zimbra_date\"><span id=\"OBJ_PREFIX_DWT1490_com_zimbra_date\"><span id=\"OBJ_PREFIX_DWT175_com_zimbra_date\" role=\"link\">segunda<\/span><\/span><\/span>\u00a0confer\u00eancia das partes desse acordo internacional, realizada na Su\u00ed\u00e7a, no m\u00eas passado.<\/p>\n<p><strong>Queda nas importa\u00e7\u00f5es<\/strong><\/p>\n<p>Apesar de o Brasil n\u00e3o produzir\u00a0merc\u00fario\u00a0met\u00e1lico, o pa\u00eds importou no prazo<span id=\"OBJ_PREFIX_DWT1441_com_zimbra_date\">\u00a0de dez<\/span>\u00a0anos (antes de ratificar a conven\u00e7\u00e3o) mais de 88 toneladas da subst\u00e2ncia. Os pa\u00edses que mais exportam o metal s\u00e3o Espanha, Estados Unidos, Reino Unido, Quirquist\u00e3o e Jap\u00e3o. Os estados que mais importaram foram Santa Catarina e S\u00e3o Paulo.<\/p>\n<p>Dados do Instituto Brasileiro do Meio Ambiente e dos Recursos Naturais Renov\u00e1veis (Ibama), \u00f3rg\u00e3o respons\u00e1vel pelo controle do com\u00e9rcio de\u00a0merc\u00fario\u00a0met\u00e1lico no pa\u00eds e pela concess\u00e3o da licen\u00e7a para importar o metal, mostram que as importa\u00e7\u00f5es ca\u00edram de 210,2 toneladas (no in\u00edcio dos anos 2000) para 51,7 toneladas entre 2014 e 2016. No ano passado, Brasil importou cerca de 26 toneladas de\u00a0merc\u00fario.<\/p>\n<p>Em mar\u00e7o deste ano, o Ibama e a Receita Federal impediram que uma empresa odontol\u00f3gica, considerada a maior importadora de\u00a0merc\u00fario\u00a0do pa\u00eds, situada em Joinville, recebesse da Turquia um volume de 1,7 tonelada do metal. Parte do produto teria como destino o garimpo ilegal. A apreens\u00e3o ocorrida no Porto de Itaja\u00ed foi a\u00a0<span id=\"OBJ_PREFIX_DWT1442_com_zimbra_date\"><span id=\"OBJ_PREFIX_DWT1491_com_zimbra_date\"><span id=\"OBJ_PREFIX_DWT176_com_zimbra_date\" role=\"link\">segunda<\/span><\/span><\/span>\u00a0maior feita pelo Ibama.<\/p>\n<p>Fonte: Ag\u00eancia Brasil<\/p>\n","protected":false},"excerpt":{"rendered":"<p>O Brasil enfrenta desafios para controlar o lan\u00e7amento de\u00a0merc\u00fario\u00a0na natureza e eliminar o uso da subst\u00e2ncia em alguns setores da ind\u00fastria, mostra levantamento da WWF-Brasil, divulgado neste\u00a0s\u00e1bado,\u00a08. O contato com o metal l\u00edquido \u00e9 prejudicial ao meio ambiente e \u00e0 sa\u00fade humana, podendo causar danos aos sistemas nervoso, digestivo e imunol\u00f3gico. A organiza\u00e7\u00e3o estima que [&hellip;]<\/p>\n","protected":false},"author":96,"featured_media":127812,"comment_status":"closed","ping_status":"closed","sticky":false,"template":"","format":"standard","meta":{"footnotes":""},"categories":[302,436,440,439],"tags":[],"class_list":["post-127811","post","type-post","status-publish","format-standard","has-post-thumbnail","hentry","category-brasil-mundo","category-destaque-da-semana","category-destaques-do-dia","category-ultima-hora"],"_links":{"self":[{"href":"https:\/\/diarioregionaldigital.com.br\/index.php?rest_route=\/wp\/v2\/posts\/127811","targetHints":{"allow":["GET"]}}],"collection":[{"href":"https:\/\/diarioregionaldigital.com.br\/index.php?rest_route=\/wp\/v2\/posts"}],"about":[{"href":"https:\/\/diarioregionaldigital.com.br\/index.php?rest_route=\/wp\/v2\/types\/post"}],"author":[{"embeddable":true,"href":"https:\/\/diarioregionaldigital.com.br\/index.php?rest_route=\/wp\/v2\/users\/96"}],"replies":[{"embeddable":true,"href":"https:\/\/diarioregionaldigital.com.br\/index.php?rest_route=%2Fwp%2Fv2%2Fcomments&post=127811"}],"version-history":[{"count":0,"href":"https:\/\/diarioregionaldigital.com.br\/index.php?rest_route=\/wp\/v2\/posts\/127811\/revisions"}],"wp:featuredmedia":[{"embeddable":true,"href":"https:\/\/diarioregionaldigital.com.br\/index.php?rest_route=\/wp\/v2\/media\/127812"}],"wp:attachment":[{"href":"https:\/\/diarioregionaldigital.com.br\/index.php?rest_route=%2Fwp%2Fv2%2Fmedia&parent=127811"}],"wp:term":[{"taxonomy":"category","embeddable":true,"href":"https:\/\/diarioregionaldigital.com.br\/index.php?rest_route=%2Fwp%2Fv2%2Fcategories&post=127811"},{"taxonomy":"post_tag","embeddable":true,"href":"https:\/\/diarioregionaldigital.com.br\/index.php?rest_route=%2Fwp%2Fv2%2Ftags&post=127811"}],"curies":[{"name":"wp","href":"https:\/\/api.w.org\/{rel}","templated":true}]}}