{"id":127808,"date":"2018-12-08T12:54:42","date_gmt":"2018-12-08T14:54:42","guid":{"rendered":"https:\/\/diarioregionaldigital.com.br\/?p=127808"},"modified":"2018-12-08T12:54:42","modified_gmt":"2018-12-08T14:54:42","slug":"bolsonaro-vai-a-sao-paulo-na-quinta-fazer-nova-avaliacao-medica","status":"publish","type":"post","link":"https:\/\/diarioregionaldigital.com.br\/?p=127808","title":{"rendered":"Bolsonaro vai a S\u00e3o Paulo na quinta fazer nova avalia\u00e7\u00e3o m\u00e9dica"},"content":{"rendered":"<p>O presidente eleito, Jair Bolsonaro, disse hoje, 8, que vai para S\u00e3o Paulo na pr\u00f3xima quinta-feira, 13, fazer nova avalia\u00e7\u00e3o m\u00e9dica. Ele afirmou que, se estiver bem, quer fazer logo a cirurgia para retirada da bolsa de colostomia. \u201cN\u00e3o gostaria de ficar parado em janeiro\u201d, afirmou ap\u00f3s participar de cerim\u00f4nia de formatura dos aspirantes da turma Almirante Saboia, na Escola Naval, no Rio de Janeiro.<\/p>\n<p>A opera\u00e7\u00e3o do presidente eleito estava marcada inicialmente para o dia 12 de dezembro, mas\u00a0foi adiada\u00a0ap\u00f3s uma s\u00e9rie de exames\u00a0feita no dia 23 de novembro por m\u00e9dicos do Hospital Albert Einstein, em S\u00e3o Paulo. No dia seguinte, Bolsonaro afirmou que a\u00a0nova avalia\u00e7\u00e3o estava marcada para o dia 19 de janeiro\u00a0e que a cirurgia poderia ser feita no dia 20. Dessa forma, ele s\u00f3 seria submetido ao procedimento\u00a0depois da posse na Presid\u00eancia da Rep\u00fablica, marcada para 1\u00ba de janeiro.<\/p>\n<p>Os exames pr\u00e9-operat\u00f3rios precedem a realiza\u00e7\u00e3o da terceira cirurgia a que Bolsonaro ser\u00e1 submetido desde que foi esfaqueado no abd\u00f4men por Ad\u00e9lio Bispo, durante ato pol\u00edtico, em Juiz de Fora (MG), em 6 de setembro.<\/p>\n<p>Ele fez uma cirurgia inicial, de grande porte, na Santa Casa de Juiz de Fora, depois uma segunda, j\u00e1 no Einstein, para corrigir uma ader\u00eancia. A estimativa \u00e9 que o per\u00edodo de recupera\u00e7\u00e3o dessa terceira cirurgia seja de 10 a 15 dias.<\/p>\n<h2>Pirassununga<\/h2>\n<p>Ap\u00f3s a cerim\u00f4nia militar, o presidente eleito disse que ontem, 7, confundiu os rem\u00e9dios e dormiu e, com isso, acabou perdendo o compromisso em Pirassununga. Ele afirmou, entretanto, que est\u00e1 se sentindo bem.<\/p>\n<p>Fonte: Ag\u00eancia Brasil<\/p>\n","protected":false},"excerpt":{"rendered":"<p>O presidente eleito, Jair Bolsonaro, disse hoje, 8, que vai para S\u00e3o Paulo na pr\u00f3xima quinta-feira, 13, fazer nova avalia\u00e7\u00e3o m\u00e9dica. Ele afirmou que, se estiver bem, quer fazer logo a cirurgia para retirada da bolsa de colostomia. \u201cN\u00e3o gostaria de ficar parado em janeiro\u201d, afirmou ap\u00f3s participar de cerim\u00f4nia de formatura dos aspirantes da [&hellip;]<\/p>\n","protected":false},"author":96,"featured_media":127809,"comment_status":"closed","ping_status":"closed","sticky":false,"template":"","format":"standard","meta":{"footnotes":""},"categories":[436,254,439],"tags":[],"class_list":["post-127808","post","type-post","status-publish","format-standard","has-post-thumbnail","hentry","category-destaque-da-semana","category-politica","category-ultima-hora"],"_links":{"self":[{"href":"https:\/\/diarioregionaldigital.com.br\/index.php?rest_route=\/wp\/v2\/posts\/127808","targetHints":{"allow":["GET"]}}],"collection":[{"href":"https:\/\/diarioregionaldigital.com.br\/index.php?rest_route=\/wp\/v2\/posts"}],"about":[{"href":"https:\/\/diarioregionaldigital.com.br\/index.php?rest_route=\/wp\/v2\/types\/post"}],"author":[{"embeddable":true,"href":"https:\/\/diarioregionaldigital.com.br\/index.php?rest_route=\/wp\/v2\/users\/96"}],"replies":[{"embeddable":true,"href":"https:\/\/diarioregionaldigital.com.br\/index.php?rest_route=%2Fwp%2Fv2%2Fcomments&post=127808"}],"version-history":[{"count":0,"href":"https:\/\/diarioregionaldigital.com.br\/index.php?rest_route=\/wp\/v2\/posts\/127808\/revisions"}],"wp:featuredmedia":[{"embeddable":true,"href":"https:\/\/diarioregionaldigital.com.br\/index.php?rest_route=\/wp\/v2\/media\/127809"}],"wp:attachment":[{"href":"https:\/\/diarioregionaldigital.com.br\/index.php?rest_route=%2Fwp%2Fv2%2Fmedia&parent=127808"}],"wp:term":[{"taxonomy":"category","embeddable":true,"href":"https:\/\/diarioregionaldigital.com.br\/index.php?rest_route=%2Fwp%2Fv2%2Fcategories&post=127808"},{"taxonomy":"post_tag","embeddable":true,"href":"https:\/\/diarioregionaldigital.com.br\/index.php?rest_route=%2Fwp%2Fv2%2Ftags&post=127808"}],"curies":[{"name":"wp","href":"https:\/\/api.w.org\/{rel}","templated":true}]}}