{"id":127802,"date":"2018-12-08T09:23:05","date_gmt":"2018-12-08T11:23:05","guid":{"rendered":"https:\/\/diarioregionaldigital.com.br\/?p=127802"},"modified":"2018-12-08T09:23:05","modified_gmt":"2018-12-08T11:23:05","slug":"homem-furta-mulher-em-ponto-de-onibus-no-centro-de-jf","status":"publish","type":"post","link":"https:\/\/diarioregionaldigital.com.br\/?p=127802","title":{"rendered":"Homem furta mulher em ponto de \u00f4nibus no Centro de JF"},"content":{"rendered":"<p>Uma mulher, 43 anos, teve a bolsa furtada nessa sexta-feira, 07, no Centro de Juiz de Fora. Ela estava em um ponto de \u00f4nibus na Avenida Get\u00falio Vargas por volta das 11h.<\/p>\n<p>Ao entrar no coletivo, um homem que estava atras dela se aproveitou da aglomera\u00e7\u00e3o de pessoas e do tumulto para furtar a bolsa da v\u00edtima. Foram levados cart\u00f5es de credito e R$400 em dinheiro.<\/p>\n<p>O autor fugiu e n\u00e3o foi localizado pela Pol\u00edcia Militar.<\/p>\n","protected":false},"excerpt":{"rendered":"<p>Uma mulher, 43 anos, teve a bolsa furtada nessa sexta-feira, 07, no Centro de Juiz de Fora. Ela estava em um ponto de \u00f4nibus na Avenida Get\u00falio Vargas por volta das 11h. Ao entrar no coletivo, um homem que estava atras dela se aproveitou da aglomera\u00e7\u00e3o de pessoas e do tumulto para furtar a bolsa [&hellip;]<\/p>\n","protected":false},"author":96,"featured_media":95836,"comment_status":"closed","ping_status":"closed","sticky":false,"template":"","format":"standard","meta":{"footnotes":""},"categories":[301],"tags":[],"class_list":["post-127802","post","type-post","status-publish","format-standard","has-post-thumbnail","hentry","category-artigos-policiais"],"_links":{"self":[{"href":"https:\/\/diarioregionaldigital.com.br\/index.php?rest_route=\/wp\/v2\/posts\/127802","targetHints":{"allow":["GET"]}}],"collection":[{"href":"https:\/\/diarioregionaldigital.com.br\/index.php?rest_route=\/wp\/v2\/posts"}],"about":[{"href":"https:\/\/diarioregionaldigital.com.br\/index.php?rest_route=\/wp\/v2\/types\/post"}],"author":[{"embeddable":true,"href":"https:\/\/diarioregionaldigital.com.br\/index.php?rest_route=\/wp\/v2\/users\/96"}],"replies":[{"embeddable":true,"href":"https:\/\/diarioregionaldigital.com.br\/index.php?rest_route=%2Fwp%2Fv2%2Fcomments&post=127802"}],"version-history":[{"count":0,"href":"https:\/\/diarioregionaldigital.com.br\/index.php?rest_route=\/wp\/v2\/posts\/127802\/revisions"}],"wp:featuredmedia":[{"embeddable":true,"href":"https:\/\/diarioregionaldigital.com.br\/index.php?rest_route=\/wp\/v2\/media\/95836"}],"wp:attachment":[{"href":"https:\/\/diarioregionaldigital.com.br\/index.php?rest_route=%2Fwp%2Fv2%2Fmedia&parent=127802"}],"wp:term":[{"taxonomy":"category","embeddable":true,"href":"https:\/\/diarioregionaldigital.com.br\/index.php?rest_route=%2Fwp%2Fv2%2Fcategories&post=127802"},{"taxonomy":"post_tag","embeddable":true,"href":"https:\/\/diarioregionaldigital.com.br\/index.php?rest_route=%2Fwp%2Fv2%2Ftags&post=127802"}],"curies":[{"name":"wp","href":"https:\/\/api.w.org\/{rel}","templated":true}]}}