{"id":127799,"date":"2018-12-08T09:10:15","date_gmt":"2018-12-08T11:10:15","guid":{"rendered":"https:\/\/diarioregionaldigital.com.br\/?p=127799"},"modified":"2018-12-08T09:10:15","modified_gmt":"2018-12-08T11:10:15","slug":"mulher-e-furtada-na-porta-de-agencia-bancaria-no-centro","status":"publish","type":"post","link":"https:\/\/diarioregionaldigital.com.br\/?p=127799","title":{"rendered":"Mulher \u00e9 furtada na porta de ag\u00eancia banc\u00e1ria no Centro"},"content":{"rendered":"<p>Uma mulher, de 58 anos, foi furtada ap\u00f3s sair de uma ag\u00eancia banc\u00e1ria na Avenida Rio Branco, no Centro de Juiz de Fora.<\/p>\n<p>A v\u00edtima, que estava acompanhada de um idoso, de 63 anos, havia acabado de realizar um saque de R$3 mil, quando foi abordada por um homem. O autor pediu para receber um abra\u00e7o alegando que era anivers\u00e1rio dele.<\/p>\n<p>Ao dar o abra\u00e7o, o homem pegou o pacote com dinheiro sem que a vitima percebesse.<\/p>\n<p>Segundo o boletim registrado pela Pol\u00edcia Militar o assaltante estava acompanhado de uma mulher. Os dois n\u00e3o foram localizados.<\/p>\n","protected":false},"excerpt":{"rendered":"<p>Uma mulher, de 58 anos, foi furtada ap\u00f3s sair de uma ag\u00eancia banc\u00e1ria na Avenida Rio Branco, no Centro de Juiz de Fora. A v\u00edtima, que estava acompanhada de um idoso, de 63 anos, havia acabado de realizar um saque de R$3 mil, quando foi abordada por um homem. O autor pediu para receber um [&hellip;]<\/p>\n","protected":false},"author":96,"featured_media":95836,"comment_status":"closed","ping_status":"closed","sticky":false,"template":"","format":"standard","meta":{"footnotes":""},"categories":[301],"tags":[],"class_list":["post-127799","post","type-post","status-publish","format-standard","has-post-thumbnail","hentry","category-artigos-policiais"],"_links":{"self":[{"href":"https:\/\/diarioregionaldigital.com.br\/index.php?rest_route=\/wp\/v2\/posts\/127799","targetHints":{"allow":["GET"]}}],"collection":[{"href":"https:\/\/diarioregionaldigital.com.br\/index.php?rest_route=\/wp\/v2\/posts"}],"about":[{"href":"https:\/\/diarioregionaldigital.com.br\/index.php?rest_route=\/wp\/v2\/types\/post"}],"author":[{"embeddable":true,"href":"https:\/\/diarioregionaldigital.com.br\/index.php?rest_route=\/wp\/v2\/users\/96"}],"replies":[{"embeddable":true,"href":"https:\/\/diarioregionaldigital.com.br\/index.php?rest_route=%2Fwp%2Fv2%2Fcomments&post=127799"}],"version-history":[{"count":0,"href":"https:\/\/diarioregionaldigital.com.br\/index.php?rest_route=\/wp\/v2\/posts\/127799\/revisions"}],"wp:featuredmedia":[{"embeddable":true,"href":"https:\/\/diarioregionaldigital.com.br\/index.php?rest_route=\/wp\/v2\/media\/95836"}],"wp:attachment":[{"href":"https:\/\/diarioregionaldigital.com.br\/index.php?rest_route=%2Fwp%2Fv2%2Fmedia&parent=127799"}],"wp:term":[{"taxonomy":"category","embeddable":true,"href":"https:\/\/diarioregionaldigital.com.br\/index.php?rest_route=%2Fwp%2Fv2%2Fcategories&post=127799"},{"taxonomy":"post_tag","embeddable":true,"href":"https:\/\/diarioregionaldigital.com.br\/index.php?rest_route=%2Fwp%2Fv2%2Ftags&post=127799"}],"curies":[{"name":"wp","href":"https:\/\/api.w.org\/{rel}","templated":true}]}}