{"id":127797,"date":"2018-12-08T08:28:15","date_gmt":"2018-12-08T10:28:15","guid":{"rendered":"https:\/\/diarioregionaldigital.com.br\/?p=127797"},"modified":"2018-12-08T08:28:15","modified_gmt":"2018-12-08T10:28:15","slug":"idoso-tem-r2-mil-furtados-em-onibus","status":"publish","type":"post","link":"https:\/\/diarioregionaldigital.com.br\/?p=127797","title":{"rendered":"Idoso tem R$2 mil furtados em \u00f4nibus"},"content":{"rendered":"<p>Nessa sexta-feira, 07, assaltantes furtaram R$2 mil reais de um idoso no centro de Juiz de Fora. O crime aconteceu por volta das 11h dentro de um \u00f4nibus urbano da cidade.<\/p>\n<p>O homem contou aos policiais militares que entrou em um coletivo na Avenida Get\u00falio Vargas e, logo atr\u00e1s dele, um casal tamb\u00e9m embarcou no ve\u00edculo.<\/p>\n<p>Quando o idoso desceu do \u00f4nibus, percebeu que sua carteira havia sido furtada. Dentro dela havia R$ 2 mil reais.<\/p>\n<p>Os autores, que segundo a v\u00edtima eram uma mulher morena e um homem de cabos grisalhos, n\u00e3o foram localizados.<\/p>\n<p>&nbsp;<\/p>\n","protected":false},"excerpt":{"rendered":"<p>Nessa sexta-feira, 07, assaltantes furtaram R$2 mil reais de um idoso no centro de Juiz de Fora. O crime aconteceu por volta das 11h dentro de um \u00f4nibus urbano da cidade. O homem contou aos policiais militares que entrou em um coletivo na Avenida Get\u00falio Vargas e, logo atr\u00e1s dele, um casal tamb\u00e9m embarcou no [&hellip;]<\/p>\n","protected":false},"author":96,"featured_media":95836,"comment_status":"closed","ping_status":"closed","sticky":false,"template":"","format":"standard","meta":{"footnotes":""},"categories":[301],"tags":[],"class_list":["post-127797","post","type-post","status-publish","format-standard","has-post-thumbnail","hentry","category-artigos-policiais"],"_links":{"self":[{"href":"https:\/\/diarioregionaldigital.com.br\/index.php?rest_route=\/wp\/v2\/posts\/127797","targetHints":{"allow":["GET"]}}],"collection":[{"href":"https:\/\/diarioregionaldigital.com.br\/index.php?rest_route=\/wp\/v2\/posts"}],"about":[{"href":"https:\/\/diarioregionaldigital.com.br\/index.php?rest_route=\/wp\/v2\/types\/post"}],"author":[{"embeddable":true,"href":"https:\/\/diarioregionaldigital.com.br\/index.php?rest_route=\/wp\/v2\/users\/96"}],"replies":[{"embeddable":true,"href":"https:\/\/diarioregionaldigital.com.br\/index.php?rest_route=%2Fwp%2Fv2%2Fcomments&post=127797"}],"version-history":[{"count":0,"href":"https:\/\/diarioregionaldigital.com.br\/index.php?rest_route=\/wp\/v2\/posts\/127797\/revisions"}],"wp:featuredmedia":[{"embeddable":true,"href":"https:\/\/diarioregionaldigital.com.br\/index.php?rest_route=\/wp\/v2\/media\/95836"}],"wp:attachment":[{"href":"https:\/\/diarioregionaldigital.com.br\/index.php?rest_route=%2Fwp%2Fv2%2Fmedia&parent=127797"}],"wp:term":[{"taxonomy":"category","embeddable":true,"href":"https:\/\/diarioregionaldigital.com.br\/index.php?rest_route=%2Fwp%2Fv2%2Fcategories&post=127797"},{"taxonomy":"post_tag","embeddable":true,"href":"https:\/\/diarioregionaldigital.com.br\/index.php?rest_route=%2Fwp%2Fv2%2Ftags&post=127797"}],"curies":[{"name":"wp","href":"https:\/\/api.w.org\/{rel}","templated":true}]}}