{"id":127792,"date":"2018-12-07T15:41:14","date_gmt":"2018-12-07T17:41:14","guid":{"rendered":"https:\/\/diarioregionaldigital.com.br\/?p=127792"},"modified":"2018-12-07T15:41:14","modified_gmt":"2018-12-07T17:41:14","slug":"inscricoes-abertas-para-o-ibitipoca-offroad-2019","status":"publish","type":"post","link":"https:\/\/diarioregionaldigital.com.br\/?p=127792","title":{"rendered":"Inscri\u00e7\u00f5es abertas para o Ibitipoca Offroad 2019"},"content":{"rendered":"<p>Jos\u00e9 Borges J\u00fanior. Este \u00e9 o nome que entra para a hist\u00f3ria como o primeiro piloto a ter efetivado inscri\u00e7\u00e3o para a Edi\u00e7\u00e3o Hist\u00f3rica &#8211; 30 Anos! &#8211; do Ibitipoca Off Road. Ele \u00e9 piloto de moto, categoria S\u00eanior, e j\u00e1 est\u00e1 garantido na trilha nos dias 3 e 4 de agosto de 2019<\/p>\n<p>J\u00e1 s\u00e3o cerca de 240 pilotos e navegadores de todo o Brasil pr\u00e9-inscritos na Edi\u00e7\u00e3o Hist\u00f3rica \u2013 30\u00a0 Anos, do Ibitipoca Off Road.<\/p>\n<p>A incr\u00edvel receptividade encontrada com a antecipa\u00e7\u00e3o da abertura das inscri\u00e7\u00f5es confirma a expectativa dos organizadores.\u00a0 As inscri\u00e7\u00f5es est\u00e3o sendo feitas exclusivamente pelo site oficial <a href=\"http:\/\/www.ibitipocaoffroad.com.br\">www.ibitipocaoffroad.com.br<\/a><\/p>\n<p>&nbsp;<\/p>\n","protected":false},"excerpt":{"rendered":"<p>Jos\u00e9 Borges J\u00fanior. Este \u00e9 o nome que entra para a hist\u00f3ria como o primeiro piloto a ter efetivado inscri\u00e7\u00e3o para a Edi\u00e7\u00e3o Hist\u00f3rica &#8211; 30 Anos! &#8211; do Ibitipoca Off Road. Ele \u00e9 piloto de moto, categoria S\u00eanior, e j\u00e1 est\u00e1 garantido na trilha nos dias 3 e 4 de agosto de 2019 J\u00e1 [&hellip;]<\/p>\n","protected":false},"author":96,"featured_media":127794,"comment_status":"closed","ping_status":"closed","sticky":false,"template":"","format":"standard","meta":{"footnotes":""},"categories":[257,439],"tags":[],"class_list":["post-127792","post","type-post","status-publish","format-standard","has-post-thumbnail","hentry","category-esporte","category-ultima-hora"],"_links":{"self":[{"href":"https:\/\/diarioregionaldigital.com.br\/index.php?rest_route=\/wp\/v2\/posts\/127792","targetHints":{"allow":["GET"]}}],"collection":[{"href":"https:\/\/diarioregionaldigital.com.br\/index.php?rest_route=\/wp\/v2\/posts"}],"about":[{"href":"https:\/\/diarioregionaldigital.com.br\/index.php?rest_route=\/wp\/v2\/types\/post"}],"author":[{"embeddable":true,"href":"https:\/\/diarioregionaldigital.com.br\/index.php?rest_route=\/wp\/v2\/users\/96"}],"replies":[{"embeddable":true,"href":"https:\/\/diarioregionaldigital.com.br\/index.php?rest_route=%2Fwp%2Fv2%2Fcomments&post=127792"}],"version-history":[{"count":0,"href":"https:\/\/diarioregionaldigital.com.br\/index.php?rest_route=\/wp\/v2\/posts\/127792\/revisions"}],"wp:featuredmedia":[{"embeddable":true,"href":"https:\/\/diarioregionaldigital.com.br\/index.php?rest_route=\/wp\/v2\/media\/127794"}],"wp:attachment":[{"href":"https:\/\/diarioregionaldigital.com.br\/index.php?rest_route=%2Fwp%2Fv2%2Fmedia&parent=127792"}],"wp:term":[{"taxonomy":"category","embeddable":true,"href":"https:\/\/diarioregionaldigital.com.br\/index.php?rest_route=%2Fwp%2Fv2%2Fcategories&post=127792"},{"taxonomy":"post_tag","embeddable":true,"href":"https:\/\/diarioregionaldigital.com.br\/index.php?rest_route=%2Fwp%2Fv2%2Ftags&post=127792"}],"curies":[{"name":"wp","href":"https:\/\/api.w.org\/{rel}","templated":true}]}}