{"id":127786,"date":"2018-12-07T14:34:20","date_gmt":"2018-12-07T16:34:20","guid":{"rendered":"https:\/\/diarioregionaldigital.com.br\/?p=127786"},"modified":"2018-12-07T14:34:20","modified_gmt":"2018-12-07T16:34:20","slug":"dezembro-laranja-quer-conscientizar-para-prevencao-ao-cancer-de-pele","status":"publish","type":"post","link":"https:\/\/diarioregionaldigital.com.br\/?p=127786","title":{"rendered":"Dezembro Laranja quer conscientizar para preven\u00e7\u00e3o ao c\u00e2ncer de pele"},"content":{"rendered":"<p>A Sociedade Brasileira de Dermatologia (SBD) lan\u00e7ou no in\u00edcio do m\u00eas a campanha Dezembro Laranja. O objetivo \u00e9 estimular a popula\u00e7\u00e3o para a preven\u00e7\u00e3o e o diagn\u00f3stico do c\u00e2ncer de pele, o mais comum no Brasil. Em 2018, o tema da campanha \u00e9 \u201cSe exponha, mas n\u00e3o se queime\u201d. As a\u00e7\u00f5es da campanha incluem ilumina\u00e7\u00e3o de monumentos, iniciativas de conscientiza\u00e7\u00e3o em praias e parques com distribui\u00e7\u00e3o de filtro solar, entre outras.<\/p>\n<p>De acordo com o Instituto Nacional do C\u00e2ncer (Inca), 30% de todos os tumores malignos do Brasil correspondem ao c\u00e2ncer de pele. Para o bi\u00eanio 2018 a 2019, a estimativa \u00e9 de 165.580 mil novos casos de c\u00e2ncer de pele n\u00e3o melanoma \u2013 uma redu\u00e7\u00e3o de 10 mil casos em rela\u00e7\u00e3o ao bi\u00eanio anterior. A expectativa \u00e9 que a doen\u00e7a acometa mais homens (85.170 mil) do que mulheres (80.410 mil).<\/p>\n<p>Segundo a SBD, de dezembro deste ano a mar\u00e7o de 2019, durante todo o ver\u00e3o, ser\u00e3o promovidas a\u00e7\u00f5es e atividades de informa\u00e7\u00e3o na internet, ruas, praias e parques. As recomenda\u00e7\u00f5es b\u00e1sicas incluem a ado\u00e7\u00e3o de medidas fotoprotetoras, como evitar os hor\u00e1rios de maior incid\u00eancia solar (das 10h \u00e0s 16h); utilizar chap\u00e9us de abas largas, \u00f3culos de sol com prote\u00e7\u00e3o UV e roupas que cubram boa parte do corpo; procurar locais de sombra e manter hidrata\u00e7\u00e3o corporal. \u00c9 necess\u00e1rio ainda usar protetor solar com fator 30 (no m\u00ednimo) diariamente, reaplicando a cada duas a tr\u00eas horas ou depois de longos per\u00edodos na \u00e1gua.<\/p>\n<p>De acordo com o m\u00e9dico dermatologista da SBD, Curt Treu, existem diferentes tipos da doen\u00e7a que podem se manifestar de formas distintas, sendo os mais comuns denominados carcinoma basocelular e carcinoma espinocelular (chamados de c\u00e2ncer n\u00e3o melanoma) e o terceiro tipo, o melanoma, que n\u00e3o \u00e9 o mais incidente, mas \u00e9 o mais agressivo e letal.<\/p>\n<p>\u201cSe diagnosticado precocemente pode ter uma chance de cura superior a 90%. Mas normalmente o tratamento \u00e9 cir\u00fargico, removendo a les\u00e3o com uma margem de seguran\u00e7a adequada. Para alguns tipos iniciais e superficiais h\u00e1 outros tratamentos n\u00e3o cir\u00fargicos, como uma curetagem, uma crioterapia (com nitrog\u00eanio l\u00edquido), ou fotodin\u00e2mica, no qual \u00e9 usado um medicamento absorvido pelo tumor e em seguida \u00e9 colocada uma luz espec\u00edfica que queima o tumor\u201d, disse.<\/p>\n<p>Em todos os tipos de c\u00e2ncer de pele a principal causa \u00e9 a exposi\u00e7\u00e3o excessiva ao sol. O c\u00e2ncer de pele pode aparecer como uma mancha ou pinta de cor castanha a escura, como um n\u00f3dulo avermelhado, cor da pele e brilhoso, ou como uma ferida nova que n\u00e3o cicatriza, ou que machuca at\u00e9 mesmo com a passada de uma toalha.<\/p>\n<p>Segundo Treu, existe uma regra, chamada pelos dermatologistas de ABCDE, que ajuda a avaliar se a les\u00e3o sinaliza um poss\u00edvel c\u00e2ncer de pele. Quando h\u00e1 assimetria e metade da pinta n\u00e3o combina com a outra metade, com formato e cor diferentes; bordas irregulares, dentadas, com sulcos ou interrup\u00e7\u00f5es abruptas na cor; cor diferente em toda pinta, quando muito escuras podem indicar malignidade; di\u00e2metro, quando a les\u00e3o cresce r\u00e1pido e ultrapassa os seis mil\u00edmetros; e a evolu\u00e7\u00e3o da pinta em curto per\u00edodo de tempo, normalmente de um a tr\u00eas meses.<\/p>\n<p>\u201cOs fatores gen\u00e9ticos tamb\u00e9m podem causar o c\u00e2ncer de pele, mas o principal fator \u00e9 a exposi\u00e7\u00e3o aos raios ultravioleta. As pessoas muito claras, loiras ou ruivas de olhos claros, s\u00e3o as mais propensas a ter a doen\u00e7a. Tamb\u00e9m aquelas que tiveram intensa exposi\u00e7\u00e3o acumulada ao sol, com atividades de trabalho ou recreacionais no sol.\u201d<\/p>\n<p>A SBD alerta ainda para a necessidade de prote\u00e7\u00e3o mesmo em dias nublados, al\u00e9m de consultas regulares ao dermatologista. \u00c9 importante ainda examinar os familiares, porque as les\u00f5es podem aparecer em locais imposs\u00edveis de ver sozinho.<\/p>\n<p>Fonte: Ag\u00eancia Brasil<\/p>\n","protected":false},"excerpt":{"rendered":"<p>A Sociedade Brasileira de Dermatologia (SBD) lan\u00e7ou no in\u00edcio do m\u00eas a campanha Dezembro Laranja. O objetivo \u00e9 estimular a popula\u00e7\u00e3o para a preven\u00e7\u00e3o e o diagn\u00f3stico do c\u00e2ncer de pele, o mais comum no Brasil. Em 2018, o tema da campanha \u00e9 \u201cSe exponha, mas n\u00e3o se queime\u201d. As a\u00e7\u00f5es da campanha incluem ilumina\u00e7\u00e3o [&hellip;]<\/p>\n","protected":false},"author":96,"featured_media":127787,"comment_status":"closed","ping_status":"closed","sticky":false,"template":"","format":"standard","meta":{"footnotes":""},"categories":[302,436,439],"tags":[],"class_list":["post-127786","post","type-post","status-publish","format-standard","has-post-thumbnail","hentry","category-brasil-mundo","category-destaque-da-semana","category-ultima-hora"],"_links":{"self":[{"href":"https:\/\/diarioregionaldigital.com.br\/index.php?rest_route=\/wp\/v2\/posts\/127786","targetHints":{"allow":["GET"]}}],"collection":[{"href":"https:\/\/diarioregionaldigital.com.br\/index.php?rest_route=\/wp\/v2\/posts"}],"about":[{"href":"https:\/\/diarioregionaldigital.com.br\/index.php?rest_route=\/wp\/v2\/types\/post"}],"author":[{"embeddable":true,"href":"https:\/\/diarioregionaldigital.com.br\/index.php?rest_route=\/wp\/v2\/users\/96"}],"replies":[{"embeddable":true,"href":"https:\/\/diarioregionaldigital.com.br\/index.php?rest_route=%2Fwp%2Fv2%2Fcomments&post=127786"}],"version-history":[{"count":0,"href":"https:\/\/diarioregionaldigital.com.br\/index.php?rest_route=\/wp\/v2\/posts\/127786\/revisions"}],"wp:featuredmedia":[{"embeddable":true,"href":"https:\/\/diarioregionaldigital.com.br\/index.php?rest_route=\/wp\/v2\/media\/127787"}],"wp:attachment":[{"href":"https:\/\/diarioregionaldigital.com.br\/index.php?rest_route=%2Fwp%2Fv2%2Fmedia&parent=127786"}],"wp:term":[{"taxonomy":"category","embeddable":true,"href":"https:\/\/diarioregionaldigital.com.br\/index.php?rest_route=%2Fwp%2Fv2%2Fcategories&post=127786"},{"taxonomy":"post_tag","embeddable":true,"href":"https:\/\/diarioregionaldigital.com.br\/index.php?rest_route=%2Fwp%2Fv2%2Ftags&post=127786"}],"curies":[{"name":"wp","href":"https:\/\/api.w.org\/{rel}","templated":true}]}}