{"id":127780,"date":"2018-12-07T14:23:10","date_gmt":"2018-12-07T16:23:10","guid":{"rendered":"https:\/\/diarioregionaldigital.com.br\/?p=127780"},"modified":"2018-12-07T14:23:10","modified_gmt":"2018-12-07T16:23:10","slug":"receita-libera-consulta-a-restituicao-do-imposto-de-renda-na-2afeira","status":"publish","type":"post","link":"https:\/\/diarioregionaldigital.com.br\/?p=127780","title":{"rendered":"Receita libera consulta \u00e0 restitui\u00e7\u00e3o do Imposto de Renda na 2\u00aafeira"},"content":{"rendered":"<p>A partir das 9 horas da pr\u00f3xima segunda-feira, 10, estar\u00e1 dispon\u00edvel para consulta o s\u00e9timo lote de restitui\u00e7\u00e3o do Imposto sobre a Renda da Pessoa F\u00edsica (IRPF) de 2018. Contempla tamb\u00e9m restitui\u00e7\u00f5es residuais dos exerc\u00edcios de 2008 a 2017.<\/p>\n<p>O cr\u00e9dito banc\u00e1rio para 151.248 contribuintes ser\u00e1 realizado no dia 17 de dezembro, somando mais de R$ 319 milh\u00f5es.<\/p>\n<p>Desse total, R$ 127.393.752,50 referem-se ao quantitativo de contribuintes que t\u00eam prioridade no recebimento: idosos acima de 80 anos, 19.081 contribuintes entre 60 e 79 anos, 3.157 contribuintes com alguma defici\u00eancia f\u00edsica ou mental ou doen\u00e7a grave e 9.297 contribuintes cuja maior fonte de renda seja o magist\u00e9rio.<\/p>\n<p>Para saber se teve a declara\u00e7\u00e3o liberada, o contribuinte dever\u00e1 acessar\u00a0<a href=\"http:\/\/idg.receita.fazenda.gov.br\/\" target=\"_blank\" rel=\"noopener\">a p\u00e1gina da Receita na Internet \u00a0<\/a>ou ligar para o Receitafone 146.<\/p>\n<h2>Extrato da declara\u00e7\u00e3o<\/h2>\n<p>Na consulta \u00e0 p\u00e1gina da Receita, servi\u00e7o e-CAC, \u00e9 poss\u00edvel acessar o extrato da declara\u00e7\u00e3o e ver se h\u00e1 inconsist\u00eancias de dados identificadas pelo processamento.<\/p>\n<p>Nesta hip\u00f3tese, o contribuinte pode avaliar as inconsist\u00eancias e fazer a autorregulariza\u00e7\u00e3o, mediante entrega de declara\u00e7\u00e3o retificadora.<\/p>\n<p>A Receita disponibiliza, ainda, aplicativo para tablets e smartphones que facilita consulta \u00e0s declara\u00e7\u00f5es do IRPF e situa\u00e7\u00e3o cadastral no Cadastro de Pessoa F\u00edsica &#8211; CPF.<\/p>\n<p>Com ele ser\u00e1 poss\u00edvel consultar diretamente nas bases da Receita Federal informa\u00e7\u00f5es sobre libera\u00e7\u00e3o das restitui\u00e7\u00f5es do IRPF e a situa\u00e7\u00e3o cadastral de uma inscri\u00e7\u00e3o no CPF.<\/p>\n<p>A restitui\u00e7\u00e3o ficar\u00e1 dispon\u00edvel no banco durante um ano.<\/p>\n<p>Se o contribuinte n\u00e3o fizer o resgate nesse prazo, dever\u00e1 fazer requerimento por meio da internet, mediante o Formul\u00e1rio Eletr\u00f4nico &#8211; Pedido de Pagamento de Restitui\u00e7\u00e3o, ou diretamente no e-CAC, no servi\u00e7o Extrato do Processamento da DIRPF.<\/p>\n<p>Caso o valor n\u00e3o seja creditado, o contribuinte poder\u00e1 contatar pessoalmente qualquer ag\u00eancia do BB ou ligar para a Central de Atendimento por meio do telefone 4004-0001 (capitais), 0800-729-0001 (demais localidades) e 0800-729-0088 (telefone especial exclusivo para deficientes auditivos) para agendar o cr\u00e9dito em conta corrente ou poupan\u00e7a, em seu nome, em qualquer banco.<\/p>\n<p>Fonte: Ag\u00eancia Brasil<\/p>\n","protected":false},"excerpt":{"rendered":"<p>A partir das 9 horas da pr\u00f3xima segunda-feira, 10, estar\u00e1 dispon\u00edvel para consulta o s\u00e9timo lote de restitui\u00e7\u00e3o do Imposto sobre a Renda da Pessoa F\u00edsica (IRPF) de 2018. Contempla tamb\u00e9m restitui\u00e7\u00f5es residuais dos exerc\u00edcios de 2008 a 2017. O cr\u00e9dito banc\u00e1rio para 151.248 contribuintes ser\u00e1 realizado no dia 17 de dezembro, somando mais de [&hellip;]<\/p>\n","protected":false},"author":96,"featured_media":127781,"comment_status":"closed","ping_status":"closed","sticky":false,"template":"","format":"standard","meta":{"footnotes":""},"categories":[436,261,439],"tags":[],"class_list":["post-127780","post","type-post","status-publish","format-standard","has-post-thumbnail","hentry","category-destaque-da-semana","category-economia","category-ultima-hora"],"_links":{"self":[{"href":"https:\/\/diarioregionaldigital.com.br\/index.php?rest_route=\/wp\/v2\/posts\/127780","targetHints":{"allow":["GET"]}}],"collection":[{"href":"https:\/\/diarioregionaldigital.com.br\/index.php?rest_route=\/wp\/v2\/posts"}],"about":[{"href":"https:\/\/diarioregionaldigital.com.br\/index.php?rest_route=\/wp\/v2\/types\/post"}],"author":[{"embeddable":true,"href":"https:\/\/diarioregionaldigital.com.br\/index.php?rest_route=\/wp\/v2\/users\/96"}],"replies":[{"embeddable":true,"href":"https:\/\/diarioregionaldigital.com.br\/index.php?rest_route=%2Fwp%2Fv2%2Fcomments&post=127780"}],"version-history":[{"count":0,"href":"https:\/\/diarioregionaldigital.com.br\/index.php?rest_route=\/wp\/v2\/posts\/127780\/revisions"}],"wp:featuredmedia":[{"embeddable":true,"href":"https:\/\/diarioregionaldigital.com.br\/index.php?rest_route=\/wp\/v2\/media\/127781"}],"wp:attachment":[{"href":"https:\/\/diarioregionaldigital.com.br\/index.php?rest_route=%2Fwp%2Fv2%2Fmedia&parent=127780"}],"wp:term":[{"taxonomy":"category","embeddable":true,"href":"https:\/\/diarioregionaldigital.com.br\/index.php?rest_route=%2Fwp%2Fv2%2Fcategories&post=127780"},{"taxonomy":"post_tag","embeddable":true,"href":"https:\/\/diarioregionaldigital.com.br\/index.php?rest_route=%2Fwp%2Fv2%2Ftags&post=127780"}],"curies":[{"name":"wp","href":"https:\/\/api.w.org\/{rel}","templated":true}]}}