{"id":127774,"date":"2018-12-07T14:01:43","date_gmt":"2018-12-07T16:01:43","guid":{"rendered":"https:\/\/diarioregionaldigital.com.br\/?p=127774"},"modified":"2018-12-07T14:01:43","modified_gmt":"2018-12-07T16:01:43","slug":"mais-medicos-abrira-inscricoes-para-profissionais-formados-no-exterior","status":"publish","type":"post","link":"https:\/\/diarioregionaldigital.com.br\/?p=127774","title":{"rendered":"Mais M\u00e9dicos abrir\u00e1 inscri\u00e7\u00f5es para profissionais formados no exterior"},"content":{"rendered":"<p>O Minist\u00e9rio da Sa\u00fade decidiu abrir as inscri\u00e7\u00f5es do Programa Mais M\u00e9dicos aos profissionais brasileiros e estrangeiros formados no exterior (sem registro no Brasil).<\/p>\n<p>Os candidatos ter\u00e3o entre os dias 11 e 14 de dezembro para enviar documenta\u00e7\u00e3o ao minist\u00e9rio e estarem aptos para valida\u00e7\u00e3o da inscri\u00e7\u00e3o.<\/p>\n<p>Nesta sexta-feira, 7, \u00e0s 23h59, termina a inscri\u00e7\u00e3o de m\u00e9dicos com registro no Brasil.<\/p>\n<p>De acordo com o minist\u00e9rio, s\u00e3o necess\u00e1rios 17 documentos para validar a inscri\u00e7\u00e3o, entre eles, o reconhecimento da institui\u00e7\u00e3o de ensino pela representa\u00e7\u00e3o do pa\u00eds onde os profissionais obtiveram a forma\u00e7\u00e3o.<\/p>\n<p>At\u00e9 quinta-feira, 6, o Mais M\u00e9dicos havia registrado 35.716 inscri\u00e7\u00f5es, preenchendo 98,6% das 8.517 vagas disponibilizadas, ou seja, 8.402 profissionais alocados.. Desse total, 3.949 m\u00e9dicos j\u00e1 se apresentaram aos munic\u00edpios selecionados. Os profissionais t\u00eam at\u00e9 o dia 14 deste m\u00eas para apresenta\u00e7\u00e3o nos munic\u00edpios.<\/p>\n<p>Fonte: Ag\u00eancia Brasil<\/p>\n","protected":false},"excerpt":{"rendered":"<p>O Minist\u00e9rio da Sa\u00fade decidiu abrir as inscri\u00e7\u00f5es do Programa Mais M\u00e9dicos aos profissionais brasileiros e estrangeiros formados no exterior (sem registro no Brasil). Os candidatos ter\u00e3o entre os dias 11 e 14 de dezembro para enviar documenta\u00e7\u00e3o ao minist\u00e9rio e estarem aptos para valida\u00e7\u00e3o da inscri\u00e7\u00e3o. Nesta sexta-feira, 7, \u00e0s 23h59, termina a inscri\u00e7\u00e3o [&hellip;]<\/p>\n","protected":false},"author":96,"featured_media":127775,"comment_status":"closed","ping_status":"closed","sticky":false,"template":"","format":"standard","meta":{"footnotes":""},"categories":[302,436,439],"tags":[],"class_list":["post-127774","post","type-post","status-publish","format-standard","has-post-thumbnail","hentry","category-brasil-mundo","category-destaque-da-semana","category-ultima-hora"],"_links":{"self":[{"href":"https:\/\/diarioregionaldigital.com.br\/index.php?rest_route=\/wp\/v2\/posts\/127774","targetHints":{"allow":["GET"]}}],"collection":[{"href":"https:\/\/diarioregionaldigital.com.br\/index.php?rest_route=\/wp\/v2\/posts"}],"about":[{"href":"https:\/\/diarioregionaldigital.com.br\/index.php?rest_route=\/wp\/v2\/types\/post"}],"author":[{"embeddable":true,"href":"https:\/\/diarioregionaldigital.com.br\/index.php?rest_route=\/wp\/v2\/users\/96"}],"replies":[{"embeddable":true,"href":"https:\/\/diarioregionaldigital.com.br\/index.php?rest_route=%2Fwp%2Fv2%2Fcomments&post=127774"}],"version-history":[{"count":0,"href":"https:\/\/diarioregionaldigital.com.br\/index.php?rest_route=\/wp\/v2\/posts\/127774\/revisions"}],"wp:featuredmedia":[{"embeddable":true,"href":"https:\/\/diarioregionaldigital.com.br\/index.php?rest_route=\/wp\/v2\/media\/127775"}],"wp:attachment":[{"href":"https:\/\/diarioregionaldigital.com.br\/index.php?rest_route=%2Fwp%2Fv2%2Fmedia&parent=127774"}],"wp:term":[{"taxonomy":"category","embeddable":true,"href":"https:\/\/diarioregionaldigital.com.br\/index.php?rest_route=%2Fwp%2Fv2%2Fcategories&post=127774"},{"taxonomy":"post_tag","embeddable":true,"href":"https:\/\/diarioregionaldigital.com.br\/index.php?rest_route=%2Fwp%2Fv2%2Ftags&post=127774"}],"curies":[{"name":"wp","href":"https:\/\/api.w.org\/{rel}","templated":true}]}}