{"id":127771,"date":"2018-12-07T13:56:04","date_gmt":"2018-12-07T15:56:04","guid":{"rendered":"https:\/\/diarioregionaldigital.com.br\/?p=127771"},"modified":"2018-12-07T13:56:04","modified_gmt":"2018-12-07T15:56:04","slug":"credito-rural-cresce-19-entre-julho-e-novembro-e-atinge-r-7536-bilhoes","status":"publish","type":"post","link":"https:\/\/diarioregionaldigital.com.br\/?p=127771","title":{"rendered":"Cr\u00e9dito rural cresce 19% entre julho e novembro e atinge R$ 75,36 bilh\u00f5es"},"content":{"rendered":"<div class=\"\">\n<div id=\"content\">\n<article>\n<div id=\"content-core\">\n<div id=\"parent-fieldname-text\" class=\"\">\n<div>\n<p>Com taxas de juros mais baixas que na safra passada, o volume de cr\u00e9dito rural contratado junto aos bancos pelos produtores cresceu 19%, para R$ 75,36 bilh\u00f5es. Segundo o Minist\u00e9rio da Agricultura, Pecu\u00e1ria e Abastecimento, esse crescimento ocorreu nos cinco primeiros meses da atual temporada, entre julho e novembro em compara\u00e7\u00e3o com igual per\u00edodo da safra anterior.<\/p>\n<p>O minist\u00e9rio informou ainda que todas as linhas de cr\u00e9dito rural cresceram. Opera\u00e7\u00f5es de custeio agropecu\u00e1rio chegaram a R$ 43,4 bilh\u00f5es, n\u00famero 15% maior que o de igual per\u00edodo do ciclo passado. O desembolso com industrializa\u00e7\u00e3o chegou a R$ 3,4 bilh\u00f5es, com alta de 19%. Na linha comercializa\u00e7\u00e3o os valores ficaram em R$ 13 bilh\u00f5es, com aumento de 19%.<\/p>\n<p>J\u00e1 os empr\u00e9stimos para investimento totalizaram R$ 15,5 bilh\u00f5es, 37% de alta. Esses recursos ficaram concentrados em aquisi\u00e7\u00e3o de m\u00e1quinas, implementos, armazenagem e infraestrutura das propriedades. Tamb\u00e9m houve grande demanda pelos programas ABC (Agricultura de Baixo Carbono), Constru\u00e7\u00e3o e Amplia\u00e7\u00e3o de Armaz\u00e9ns (PCA) e Inovagro (Programa de Incentivo \u00e0 Inova\u00e7\u00e3o Tecnol\u00f3gica na Produ\u00e7\u00e3o Agropecu\u00e1ria).<\/p>\n<p><span class=\"discreet\">Fonte:\u00a0<a class=\"external-link\" title=\"\" href=\"http:\/\/www.agricultura.gov.br\/\" target=\"_blank\" rel=\"noopener\" data-tippreview-title=\"\" data-tippreview-image=\"\" data-tippreview-enabled=\"false\">Minist\u00e9rio da Agricultura, Pecu\u00e1ria e Abastecimento<\/a><\/span><\/p>\n<\/div>\n<\/div>\n<\/div>\n<div class=\"visualClear\"><\/div>\n<div class=\"documentActions\"><\/div>\n<\/article>\n<\/div>\n<\/div>\n<div id=\"viewlet-below-content\"><\/div>\n","protected":false},"excerpt":{"rendered":"<p>Com taxas de juros mais baixas que na safra passada, o volume de cr\u00e9dito rural contratado junto aos bancos pelos produtores cresceu 19%, para R$ 75,36 bilh\u00f5es. Segundo o Minist\u00e9rio da Agricultura, Pecu\u00e1ria e Abastecimento, esse crescimento ocorreu nos cinco primeiros meses da atual temporada, entre julho e novembro em compara\u00e7\u00e3o com igual per\u00edodo da [&hellip;]<\/p>\n","protected":false},"author":96,"featured_media":127772,"comment_status":"closed","ping_status":"closed","sticky":false,"template":"","format":"standard","meta":{"footnotes":""},"categories":[436,261,439],"tags":[],"class_list":["post-127771","post","type-post","status-publish","format-standard","has-post-thumbnail","hentry","category-destaque-da-semana","category-economia","category-ultima-hora"],"_links":{"self":[{"href":"https:\/\/diarioregionaldigital.com.br\/index.php?rest_route=\/wp\/v2\/posts\/127771","targetHints":{"allow":["GET"]}}],"collection":[{"href":"https:\/\/diarioregionaldigital.com.br\/index.php?rest_route=\/wp\/v2\/posts"}],"about":[{"href":"https:\/\/diarioregionaldigital.com.br\/index.php?rest_route=\/wp\/v2\/types\/post"}],"author":[{"embeddable":true,"href":"https:\/\/diarioregionaldigital.com.br\/index.php?rest_route=\/wp\/v2\/users\/96"}],"replies":[{"embeddable":true,"href":"https:\/\/diarioregionaldigital.com.br\/index.php?rest_route=%2Fwp%2Fv2%2Fcomments&post=127771"}],"version-history":[{"count":0,"href":"https:\/\/diarioregionaldigital.com.br\/index.php?rest_route=\/wp\/v2\/posts\/127771\/revisions"}],"wp:featuredmedia":[{"embeddable":true,"href":"https:\/\/diarioregionaldigital.com.br\/index.php?rest_route=\/wp\/v2\/media\/127772"}],"wp:attachment":[{"href":"https:\/\/diarioregionaldigital.com.br\/index.php?rest_route=%2Fwp%2Fv2%2Fmedia&parent=127771"}],"wp:term":[{"taxonomy":"category","embeddable":true,"href":"https:\/\/diarioregionaldigital.com.br\/index.php?rest_route=%2Fwp%2Fv2%2Fcategories&post=127771"},{"taxonomy":"post_tag","embeddable":true,"href":"https:\/\/diarioregionaldigital.com.br\/index.php?rest_route=%2Fwp%2Fv2%2Ftags&post=127771"}],"curies":[{"name":"wp","href":"https:\/\/api.w.org\/{rel}","templated":true}]}}